{"id":14836,"date":"2026-08-29T14:14:23","date_gmt":"2026-08-29T19:14:23","guid":{"rendered":"https:\/\/cariberadionline.com\/portal\/?p=14836"},"modified":"2026-08-29T14:14:23","modified_gmt":"2026-08-29T19:14:23","slug":"en-usiacuri-la-policia-nacional-realizo-el-festival-de-las-cometas-mes-de-las-cometas-con-seguridad","status":"publish","type":"post","link":"https:\/\/cariberadionline.com\/portal\/en-usiacuri-la-policia-nacional-realizo-el-festival-de-las-cometas-mes-de-las-cometas-con-seguridad\/","title":{"rendered":"En Usiacur\u00ed, la Polic\u00eda Nacional realiz\u00f3 el festival de las cometas, \u201cMes de las Cometas con Seguridad\u201d"},"content":{"rendered":"<p>Dando alcance a la *Estrategia E-PAIS y la estrategia S2D, el grupo de protecci\u00f3n a la infancia y adolescencia del Atl\u00e1ntico , en coordinaci\u00f3n con la Polic\u00eda Comunitaria, patrulla p\u00farpura, la Alcald\u00eda Municipal de Usiacur\u00ed.<\/p>\n<p>A trav\u00e9s de la Secretar\u00eda General y de Atenci\u00f3n Comunitaria y la Comisar\u00eda de Familia, desarroll\u00f3 una jornada de prevenci\u00f3n en el marco de la campa\u00f1a \u201cMes de las Cometas con Seguridad\u201d, denominada Elaborando mis sue\u00f1os para el futuro.<\/p>\n<p><img data-recalc-dims=\"1\" fetchpriority=\"high\" decoding=\"async\" class=\"size-medium wp-image-14838 aligncenter\" src=\"https:\/\/i0.wp.com\/cariberadionline.com\/portal\/wp-content\/uploads\/2026\/08\/WhatsApp-Image-2026-08-28-at-10.36.06-PM.jpeg?resize=300%2C200&#038;ssl=1\" alt=\"\" width=\"300\" height=\"200\" srcset=\"https:\/\/i0.wp.com\/cariberadionline.com\/portal\/wp-content\/uploads\/2026\/08\/WhatsApp-Image-2026-08-28-at-10.36.06-PM.jpeg?resize=300%2C200&amp;ssl=1 300w, https:\/\/i0.wp.com\/cariberadionline.com\/portal\/wp-content\/uploads\/2026\/08\/WhatsApp-Image-2026-08-28-at-10.36.06-PM.jpeg?resize=1024%2C683&amp;ssl=1 1024w, https:\/\/i0.wp.com\/cariberadionline.com\/portal\/wp-content\/uploads\/2026\/08\/WhatsApp-Image-2026-08-28-at-10.36.06-PM.jpeg?resize=768%2C512&amp;ssl=1 768w, https:\/\/i0.wp.com\/cariberadionline.com\/portal\/wp-content\/uploads\/2026\/08\/WhatsApp-Image-2026-08-28-at-10.36.06-PM.jpeg?w=1440&amp;ssl=1 1440w, https:\/\/i0.wp.com\/cariberadionline.com\/portal\/wp-content\/uploads\/2026\/08\/WhatsApp-Image-2026-08-28-at-10.36.06-PM.jpeg?w=1280&amp;ssl=1 1280w\" sizes=\"(max-width: 300px) 100vw, 300px\" \/><\/p>\n<p>Se realiz\u00f3 el festival de las cometas, donde todos los ni\u00f1os, ni\u00f1as y adolescentes participantes pusieron a volar sus sue\u00f1os, est\u00e1 Jornada cont\u00f3 con actividades l\u00fadicas, entrega de refrigerios y la premiaci\u00f3n a los participantes en las diferentes categor\u00edas.<\/p>\n<p><img data-recalc-dims=\"1\" decoding=\"async\" class=\"size-medium wp-image-14839 aligncenter\" src=\"https:\/\/i0.wp.com\/cariberadionline.com\/portal\/wp-content\/uploads\/2026\/08\/WhatsApp-Image-2026-08-28-at-10.36.07-PM-1.jpeg?resize=300%2C200&#038;ssl=1\" alt=\"\" width=\"300\" height=\"200\" srcset=\"https:\/\/i0.wp.com\/cariberadionline.com\/portal\/wp-content\/uploads\/2026\/08\/WhatsApp-Image-2026-08-28-at-10.36.07-PM-1.jpeg?resize=300%2C200&amp;ssl=1 300w, https:\/\/i0.wp.com\/cariberadionline.com\/portal\/wp-content\/uploads\/2026\/08\/WhatsApp-Image-2026-08-28-at-10.36.07-PM-1.jpeg?resize=1024%2C682&amp;ssl=1 1024w, https:\/\/i0.wp.com\/cariberadionline.com\/portal\/wp-content\/uploads\/2026\/08\/WhatsApp-Image-2026-08-28-at-10.36.07-PM-1.jpeg?resize=768%2C512&amp;ssl=1 768w, https:\/\/i0.wp.com\/cariberadionline.com\/portal\/wp-content\/uploads\/2026\/08\/WhatsApp-Image-2026-08-28-at-10.36.07-PM-1.jpeg?w=1280&amp;ssl=1 1280w\" sizes=\"(max-width: 300px) 100vw, 300px\" \/><\/p>\n<p><img data-recalc-dims=\"1\" decoding=\"async\" class=\"size-medium wp-image-14840 aligncenter\" src=\"https:\/\/i0.wp.com\/cariberadionline.com\/portal\/wp-content\/uploads\/2026\/08\/WhatsApp-Image-2026-08-28-at-10.36.07-PM.jpeg?resize=300%2C200&#038;ssl=1\" alt=\"\" width=\"300\" height=\"200\" srcset=\"https:\/\/i0.wp.com\/cariberadionline.com\/portal\/wp-content\/uploads\/2026\/08\/WhatsApp-Image-2026-08-28-at-10.36.07-PM.jpeg?resize=300%2C200&amp;ssl=1 300w, https:\/\/i0.wp.com\/cariberadionline.com\/portal\/wp-content\/uploads\/2026\/08\/WhatsApp-Image-2026-08-28-at-10.36.07-PM.jpeg?resize=1024%2C683&amp;ssl=1 1024w, https:\/\/i0.wp.com\/cariberadionline.com\/portal\/wp-content\/uploads\/2026\/08\/WhatsApp-Image-2026-08-28-at-10.36.07-PM.jpeg?resize=768%2C512&amp;ssl=1 768w, https:\/\/i0.wp.com\/cariberadionline.com\/portal\/wp-content\/uploads\/2026\/08\/WhatsApp-Image-2026-08-28-at-10.36.07-PM.jpeg?w=1440&amp;ssl=1 1440w, https:\/\/i0.wp.com\/cariberadionline.com\/portal\/wp-content\/uploads\/2026\/08\/WhatsApp-Image-2026-08-28-at-10.36.07-PM.jpeg?w=1280&amp;ssl=1 1280w\" sizes=\"(max-width: 300px) 100vw, 300px\" \/><\/p>\n<p><img data-recalc-dims=\"1\" loading=\"lazy\" decoding=\"async\" class=\"size-medium wp-image-14841 aligncenter\" src=\"https:\/\/i0.wp.com\/cariberadionline.com\/portal\/wp-content\/uploads\/2026\/08\/WhatsApp-Image-2026-08-28-at-10.36.07-PM-2.jpeg?resize=300%2C200&#038;ssl=1\" alt=\"\" width=\"300\" height=\"200\" srcset=\"https:\/\/i0.wp.com\/cariberadionline.com\/portal\/wp-content\/uploads\/2026\/08\/WhatsApp-Image-2026-08-28-at-10.36.07-PM-2.jpeg?resize=300%2C200&amp;ssl=1 300w, https:\/\/i0.wp.com\/cariberadionline.com\/portal\/wp-content\/uploads\/2026\/08\/WhatsApp-Image-2026-08-28-at-10.36.07-PM-2.jpeg?resize=1024%2C683&amp;ssl=1 1024w, https:\/\/i0.wp.com\/cariberadionline.com\/portal\/wp-content\/uploads\/2026\/08\/WhatsApp-Image-2026-08-28-at-10.36.07-PM-2.jpeg?resize=768%2C512&amp;ssl=1 768w, https:\/\/i0.wp.com\/cariberadionline.com\/portal\/wp-content\/uploads\/2026\/08\/WhatsApp-Image-2026-08-28-at-10.36.07-PM-2.jpeg?w=1440&amp;ssl=1 1440w, https:\/\/i0.wp.com\/cariberadionline.com\/portal\/wp-content\/uploads\/2026\/08\/WhatsApp-Image-2026-08-28-at-10.36.07-PM-2.jpeg?w=1280&amp;ssl=1 1280w\" sizes=\"(max-width: 300px) 100vw, 300px\" \/><\/p>\n","protected":false},"excerpt":{"rendered":"<p>Dando alcance a la *Estrategia E-PAIS y la estrategia S2D, el grupo de protecci\u00f3n a<\/p>\n","protected":false},"author":2,"featured_media":14837,"comment_status":"closed","ping_status":"closed","sticky":false,"template":"","format":"standard","meta":{"_jetpack_newsletter_access":"","_jetpack_dont_email_post_to_subs":false,"_jetpack_newsletter_tier_id":0,"_jetpack_memberships_contains_paywalled_content":false,"_jetpack_feature_clip_id":0,"_jetpack_memberships_contains_paid_content":false,"footnotes":"","jetpack_post_was_ever_published":false},"categories":[223],"tags":[],"class_list":["post-14836","post","type-post","status-publish","format-standard","has-post-thumbnail","hentry","category-noticias"],"yoast_head":"<!-- This site is optimized with the Yoast SEO plugin v28.3 - https:\/\/yoast.com\/product\/yoast-seo-wordpress\/ -->\n<title>En Usiacur\u00ed, la Polic\u00eda Nacional realiz\u00f3 el festival de las cometas, \u201cMes de las Cometas con Seguridad\u201d | Caribe Radio Online<\/title>\n<meta name=\"robots\" content=\"index, follow, max-snippet:-1, max-image-preview:large, max-video-preview:-1\" \/>\n<link rel=\"canonical\" href=\"https:\/\/cariberadionline.com\/portal\/en-usiacuri-la-policia-nacional-realizo-el-festival-de-las-cometas-mes-de-las-cometas-con-seguridad\/\" \/>\n<meta property=\"og:locale\" content=\"es_ES\" \/>\n<meta property=\"og:type\" content=\"article\" \/>\n<meta property=\"og:title\" content=\"En Usiacur\u00ed, la Polic\u00eda Nacional realiz\u00f3 el festival de las cometas, \u201cMes de las Cometas con Seguridad\u201d | Caribe Radio Online\" \/>\n<meta property=\"og:description\" content=\"Dando alcance a la *Estrategia E-PAIS y la estrategia S2D, el grupo de protecci\u00f3n a\" \/>\n<meta property=\"og:url\" content=\"https:\/\/cariberadionline.com\/portal\/en-usiacuri-la-policia-nacional-realizo-el-festival-de-las-cometas-mes-de-las-cometas-con-seguridad\/\" \/>\n<meta property=\"og:site_name\" content=\"Caribe Radio Online\" \/>\n<meta property=\"article:published_time\" content=\"2026-08-29T19:14:23+00:00\" \/>\n<meta property=\"og:image\" content=\"https:\/\/cariberadionline.com\/portal\/wp-content\/uploads\/2026\/08\/WhatsApp-Image-2026-08-28-at-10.36.06-PM-1.jpeg\" \/>\n\t<meta property=\"og:image:width\" content=\"1280\" \/>\n\t<meta property=\"og:image:height\" content=\"853\" \/>\n\t<meta property=\"og:image:type\" content=\"image\/jpeg\" \/>\n<meta name=\"author\" content=\"Redacci\u00f3n Caribe Radio Online\" \/>\n<meta name=\"twitter:card\" content=\"summary_large_image\" \/>\n<meta name=\"twitter:label1\" content=\"Escrito por\" \/>\n\t<meta name=\"twitter:data1\" content=\"Redacci\u00f3n Caribe Radio Online\" \/>\n\t<meta name=\"twitter:label2\" content=\"Tiempo de lectura\" \/>\n\t<meta name=\"twitter:data2\" content=\"2 minutos\" \/>\n<script type=\"application\/ld+json\" class=\"yoast-schema-graph\">{\"@context\":\"https:\\\/\\\/schema.org\",\"@graph\":[{\"@type\":\"Article\",\"@id\":\"https:\\\/\\\/cariberadionline.com\\\/portal\\\/en-usiacuri-la-policia-nacional-realizo-el-festival-de-las-cometas-mes-de-las-cometas-con-seguridad\\\/#article\",\"isPartOf\":{\"@id\":\"https:\\\/\\\/cariberadionline.com\\\/portal\\\/en-usiacuri-la-policia-nacional-realizo-el-festival-de-las-cometas-mes-de-las-cometas-con-seguridad\\\/\"},\"author\":{\"name\":\"Redacci\u00f3n Caribe Radio Online\",\"@id\":\"https:\\\/\\\/cariberadionline.com\\\/portal\\\/#\\\/schema\\\/person\\\/4e2259c4f95c83cd6f873b036e9dbde4\"},\"headline\":\"En Usiacur\u00ed, la Polic\u00eda Nacional realiz\u00f3 el festival de las cometas, \u201cMes de las Cometas con Seguridad\u201d\",\"datePublished\":\"2026-08-29T19:14:23+00:00\",\"mainEntityOfPage\":{\"@id\":\"https:\\\/\\\/cariberadionline.com\\\/portal\\\/en-usiacuri-la-policia-nacional-realizo-el-festival-de-las-cometas-mes-de-las-cometas-con-seguridad\\\/\"},\"wordCount\":150,\"publisher\":{\"@id\":\"https:\\\/\\\/cariberadionline.com\\\/portal\\\/#organization\"},\"image\":{\"@id\":\"https:\\\/\\\/cariberadionline.com\\\/portal\\\/en-usiacuri-la-policia-nacional-realizo-el-festival-de-las-cometas-mes-de-las-cometas-con-seguridad\\\/#primaryimage\"},\"thumbnailUrl\":\"https:\\\/\\\/i0.wp.com\\\/cariberadionline.com\\\/portal\\\/wp-content\\\/uploads\\\/2026\\\/08\\\/WhatsApp-Image-2026-08-28-at-10.36.06-PM-1.jpeg?fit=1280%2C853&ssl=1\",\"articleSection\":[\"Noticias\"],\"inLanguage\":\"es-CO\"},{\"@type\":\"WebPage\",\"@id\":\"https:\\\/\\\/cariberadionline.com\\\/portal\\\/en-usiacuri-la-policia-nacional-realizo-el-festival-de-las-cometas-mes-de-las-cometas-con-seguridad\\\/\",\"url\":\"https:\\\/\\\/cariberadionline.com\\\/portal\\\/en-usiacuri-la-policia-nacional-realizo-el-festival-de-las-cometas-mes-de-las-cometas-con-seguridad\\\/\",\"name\":\"En Usiacur\u00ed, la Polic\u00eda Nacional realiz\u00f3 el festival de las cometas, \u201cMes de las Cometas con Seguridad\u201d | Caribe Radio Online\",\"isPartOf\":{\"@id\":\"https:\\\/\\\/cariberadionline.com\\\/portal\\\/#website\"},\"primaryImageOfPage\":{\"@id\":\"https:\\\/\\\/cariberadionline.com\\\/portal\\\/en-usiacuri-la-policia-nacional-realizo-el-festival-de-las-cometas-mes-de-las-cometas-con-seguridad\\\/#primaryimage\"},\"image\":{\"@id\":\"https:\\\/\\\/cariberadionline.com\\\/portal\\\/en-usiacuri-la-policia-nacional-realizo-el-festival-de-las-cometas-mes-de-las-cometas-con-seguridad\\\/#primaryimage\"},\"thumbnailUrl\":\"https:\\\/\\\/i0.wp.com\\\/cariberadionline.com\\\/portal\\\/wp-content\\\/uploads\\\/2026\\\/08\\\/WhatsApp-Image-2026-08-28-at-10.36.06-PM-1.jpeg?fit=1280%2C853&ssl=1\",\"datePublished\":\"2026-08-29T19:14:23+00:00\",\"breadcrumb\":{\"@id\":\"https:\\\/\\\/cariberadionline.com\\\/portal\\\/en-usiacuri-la-policia-nacional-realizo-el-festival-de-las-cometas-mes-de-las-cometas-con-seguridad\\\/#breadcrumb\"},\"inLanguage\":\"es-CO\",\"potentialAction\":[{\"@type\":\"ReadAction\",\"target\":[\"https:\\\/\\\/cariberadionline.com\\\/portal\\\/en-usiacuri-la-policia-nacional-realizo-el-festival-de-las-cometas-mes-de-las-cometas-con-seguridad\\\/\"]}]},{\"@type\":\"ImageObject\",\"inLanguage\":\"es-CO\",\"@id\":\"https:\\\/\\\/cariberadionline.com\\\/portal\\\/en-usiacuri-la-policia-nacional-realizo-el-festival-de-las-cometas-mes-de-las-cometas-con-seguridad\\\/#primaryimage\",\"url\":\"https:\\\/\\\/i0.wp.com\\\/cariberadionline.com\\\/portal\\\/wp-content\\\/uploads\\\/2026\\\/08\\\/WhatsApp-Image-2026-08-28-at-10.36.06-PM-1.jpeg?fit=1280%2C853&ssl=1\",\"contentUrl\":\"https:\\\/\\\/i0.wp.com\\\/cariberadionline.com\\\/portal\\\/wp-content\\\/uploads\\\/2026\\\/08\\\/WhatsApp-Image-2026-08-28-at-10.36.06-PM-1.jpeg?fit=1280%2C853&ssl=1\",\"width\":1280,\"height\":853},{\"@type\":\"BreadcrumbList\",\"@id\":\"https:\\\/\\\/cariberadionline.com\\\/portal\\\/en-usiacuri-la-policia-nacional-realizo-el-festival-de-las-cometas-mes-de-las-cometas-con-seguridad\\\/#breadcrumb\",\"itemListElement\":[{\"@type\":\"ListItem\",\"position\":1,\"name\":\"Home\",\"item\":\"https:\\\/\\\/cariberadionline.com\\\/portal\\\/\"},{\"@type\":\"ListItem\",\"position\":2,\"name\":\"En Usiacur\u00ed, la Polic\u00eda Nacional realiz\u00f3 el festival de las cometas, \u201cMes de las Cometas con Seguridad\u201d\"}]},{\"@type\":\"WebSite\",\"@id\":\"https:\\\/\\\/cariberadionline.com\\\/portal\\\/#website\",\"url\":\"https:\\\/\\\/cariberadionline.com\\\/portal\\\/\",\"name\":\"Caribe Radio Online\",\"description\":\"La Radio del Futuro\",\"publisher\":{\"@id\":\"https:\\\/\\\/cariberadionline.com\\\/portal\\\/#organization\"},\"potentialAction\":[{\"@type\":\"SearchAction\",\"target\":{\"@type\":\"EntryPoint\",\"urlTemplate\":\"https:\\\/\\\/cariberadionline.com\\\/portal\\\/?s={search_term_string}\"},\"query-input\":{\"@type\":\"PropertyValueSpecification\",\"valueRequired\":true,\"valueName\":\"search_term_string\"}}],\"inLanguage\":\"es-CO\"},{\"@type\":\"Organization\",\"@id\":\"https:\\\/\\\/cariberadionline.com\\\/portal\\\/#organization\",\"name\":\"Caribe Radio Online\",\"url\":\"https:\\\/\\\/cariberadionline.com\\\/portal\\\/\",\"logo\":{\"@type\":\"ImageObject\",\"inLanguage\":\"es-CO\",\"@id\":\"https:\\\/\\\/cariberadionline.com\\\/portal\\\/#\\\/schema\\\/logo\\\/image\\\/\",\"url\":\"https:\\\/\\\/i0.wp.com\\\/cariberadionline.com\\\/portal\\\/wp-content\\\/uploads\\\/2020\\\/12\\\/cropped-logo-transparente.png?fit=1789%2C1087&ssl=1\",\"contentUrl\":\"https:\\\/\\\/i0.wp.com\\\/cariberadionline.com\\\/portal\\\/wp-content\\\/uploads\\\/2020\\\/12\\\/cropped-logo-transparente.png?fit=1789%2C1087&ssl=1\",\"width\":1789,\"height\":1087,\"caption\":\"Caribe Radio Online\"},\"image\":{\"@id\":\"https:\\\/\\\/cariberadionline.com\\\/portal\\\/#\\\/schema\\\/logo\\\/image\\\/\"}},{\"@type\":\"Person\",\"@id\":\"https:\\\/\\\/cariberadionline.com\\\/portal\\\/#\\\/schema\\\/person\\\/4e2259c4f95c83cd6f873b036e9dbde4\",\"name\":\"Redacci\u00f3n Caribe Radio Online\",\"image\":{\"@type\":\"ImageObject\",\"inLanguage\":\"es-CO\",\"@id\":\"https:\\\/\\\/secure.gravatar.com\\\/avatar\\\/9abd2c1253ecf424c4360ce3e8a4d8630e5fa062ca5fd485c685376c7f5157d2?s=96&d=mm&r=g\",\"url\":\"https:\\\/\\\/secure.gravatar.com\\\/avatar\\\/9abd2c1253ecf424c4360ce3e8a4d8630e5fa062ca5fd485c685376c7f5157d2?s=96&d=mm&r=g\",\"contentUrl\":\"https:\\\/\\\/secure.gravatar.com\\\/avatar\\\/9abd2c1253ecf424c4360ce3e8a4d8630e5fa062ca5fd485c685376c7f5157d2?s=96&d=mm&r=g\",\"caption\":\"Redacci\u00f3n Caribe Radio Online\"}}]}<\/script>\n<!-- \/ Yoast SEO plugin. -->","yoast_head_json":{"title":"En Usiacur\u00ed, la Polic\u00eda Nacional realiz\u00f3 el festival de las cometas, \u201cMes de las Cometas con Seguridad\u201d | Caribe Radio Online","robots":{"index":"index","follow":"follow","max-snippet":"max-snippet:-1","max-image-preview":"max-image-preview:large","max-video-preview":"max-video-preview:-1"},"canonical":"https:\/\/cariberadionline.com\/portal\/en-usiacuri-la-policia-nacional-realizo-el-festival-de-las-cometas-mes-de-las-cometas-con-seguridad\/","og_locale":"es_ES","og_type":"article","og_title":"En Usiacur\u00ed, la Polic\u00eda Nacional realiz\u00f3 el festival de las cometas, \u201cMes de las Cometas con Seguridad\u201d | Caribe Radio Online","og_description":"Dando alcance a la *Estrategia E-PAIS y la estrategia S2D, el grupo de protecci\u00f3n a","og_url":"https:\/\/cariberadionline.com\/portal\/en-usiacuri-la-policia-nacional-realizo-el-festival-de-las-cometas-mes-de-las-cometas-con-seguridad\/","og_site_name":"Caribe Radio Online","article_published_time":"2026-08-29T19:14:23+00:00","og_image":[{"width":1280,"height":853,"url":"https:\/\/cariberadionline.com\/portal\/wp-content\/uploads\/2026\/08\/WhatsApp-Image-2026-08-28-at-10.36.06-PM-1.jpeg","type":"image\/jpeg"}],"author":"Redacci\u00f3n Caribe Radio Online","twitter_card":"summary_large_image","twitter_misc":{"Escrito por":"Redacci\u00f3n Caribe Radio Online","Tiempo de lectura":"2 minutos"},"schema":{"@context":"https:\/\/schema.org","@graph":[{"@type":"Article","@id":"https:\/\/cariberadionline.com\/portal\/en-usiacuri-la-policia-nacional-realizo-el-festival-de-las-cometas-mes-de-las-cometas-con-seguridad\/#article","isPartOf":{"@id":"https:\/\/cariberadionline.com\/portal\/en-usiacuri-la-policia-nacional-realizo-el-festival-de-las-cometas-mes-de-las-cometas-con-seguridad\/"},"author":{"name":"Redacci\u00f3n Caribe Radio Online","@id":"https:\/\/cariberadionline.com\/portal\/#\/schema\/person\/4e2259c4f95c83cd6f873b036e9dbde4"},"headline":"En Usiacur\u00ed, la Polic\u00eda Nacional realiz\u00f3 el festival de las cometas, \u201cMes de las Cometas con Seguridad\u201d","datePublished":"2026-08-29T19:14:23+00:00","mainEntityOfPage":{"@id":"https:\/\/cariberadionline.com\/portal\/en-usiacuri-la-policia-nacional-realizo-el-festival-de-las-cometas-mes-de-las-cometas-con-seguridad\/"},"wordCount":150,"publisher":{"@id":"https:\/\/cariberadionline.com\/portal\/#organization"},"image":{"@id":"https:\/\/cariberadionline.com\/portal\/en-usiacuri-la-policia-nacional-realizo-el-festival-de-las-cometas-mes-de-las-cometas-con-seguridad\/#primaryimage"},"thumbnailUrl":"https:\/\/i0.wp.com\/cariberadionline.com\/portal\/wp-content\/uploads\/2026\/08\/WhatsApp-Image-2026-08-28-at-10.36.06-PM-1.jpeg?fit=1280%2C853&ssl=1","articleSection":["Noticias"],"inLanguage":"es-CO"},{"@type":"WebPage","@id":"https:\/\/cariberadionline.com\/portal\/en-usiacuri-la-policia-nacional-realizo-el-festival-de-las-cometas-mes-de-las-cometas-con-seguridad\/","url":"https:\/\/cariberadionline.com\/portal\/en-usiacuri-la-policia-nacional-realizo-el-festival-de-las-cometas-mes-de-las-cometas-con-seguridad\/","name":"En Usiacur\u00ed, la Polic\u00eda Nacional realiz\u00f3 el festival de las cometas, \u201cMes de las Cometas con Seguridad\u201d | Caribe Radio Online","isPartOf":{"@id":"https:\/\/cariberadionline.com\/portal\/#website"},"primaryImageOfPage":{"@id":"https:\/\/cariberadionline.com\/portal\/en-usiacuri-la-policia-nacional-realizo-el-festival-de-las-cometas-mes-de-las-cometas-con-seguridad\/#primaryimage"},"image":{"@id":"https:\/\/cariberadionline.com\/portal\/en-usiacuri-la-policia-nacional-realizo-el-festival-de-las-cometas-mes-de-las-cometas-con-seguridad\/#primaryimage"},"thumbnailUrl":"https:\/\/i0.wp.com\/cariberadionline.com\/portal\/wp-content\/uploads\/2026\/08\/WhatsApp-Image-2026-08-28-at-10.36.06-PM-1.jpeg?fit=1280%2C853&ssl=1","datePublished":"2026-08-29T19:14:23+00:00","breadcrumb":{"@id":"https:\/\/cariberadionline.com\/portal\/en-usiacuri-la-policia-nacional-realizo-el-festival-de-las-cometas-mes-de-las-cometas-con-seguridad\/#breadcrumb"},"inLanguage":"es-CO","potentialAction":[{"@type":"ReadAction","target":["https:\/\/cariberadionline.com\/portal\/en-usiacuri-la-policia-nacional-realizo-el-festival-de-las-cometas-mes-de-las-cometas-con-seguridad\/"]}]},{"@type":"ImageObject","inLanguage":"es-CO","@id":"https:\/\/cariberadionline.com\/portal\/en-usiacuri-la-policia-nacional-realizo-el-festival-de-las-cometas-mes-de-las-cometas-con-seguridad\/#primaryimage","url":"https:\/\/i0.wp.com\/cariberadionline.com\/portal\/wp-content\/uploads\/2026\/08\/WhatsApp-Image-2026-08-28-at-10.36.06-PM-1.jpeg?fit=1280%2C853&ssl=1","contentUrl":"https:\/\/i0.wp.com\/cariberadionline.com\/portal\/wp-content\/uploads\/2026\/08\/WhatsApp-Image-2026-08-28-at-10.36.06-PM-1.jpeg?fit=1280%2C853&ssl=1","width":1280,"height":853},{"@type":"BreadcrumbList","@id":"https:\/\/cariberadionline.com\/portal\/en-usiacuri-la-policia-nacional-realizo-el-festival-de-las-cometas-mes-de-las-cometas-con-seguridad\/#breadcrumb","itemListElement":[{"@type":"ListItem","position":1,"name":"Home","item":"https:\/\/cariberadionline.com\/portal\/"},{"@type":"ListItem","position":2,"name":"En Usiacur\u00ed, la Polic\u00eda Nacional realiz\u00f3 el festival de las cometas, \u201cMes de las Cometas con Seguridad\u201d"}]},{"@type":"WebSite","@id":"https:\/\/cariberadionline.com\/portal\/#website","url":"https:\/\/cariberadionline.com\/portal\/","name":"Caribe Radio Online","description":"La Radio del Futuro","publisher":{"@id":"https:\/\/cariberadionline.com\/portal\/#organization"},"potentialAction":[{"@type":"SearchAction","target":{"@type":"EntryPoint","urlTemplate":"https:\/\/cariberadionline.com\/portal\/?s={search_term_string}"},"query-input":{"@type":"PropertyValueSpecification","valueRequired":true,"valueName":"search_term_string"}}],"inLanguage":"es-CO"},{"@type":"Organization","@id":"https:\/\/cariberadionline.com\/portal\/#organization","name":"Caribe Radio Online","url":"https:\/\/cariberadionline.com\/portal\/","logo":{"@type":"ImageObject","inLanguage":"es-CO","@id":"https:\/\/cariberadionline.com\/portal\/#\/schema\/logo\/image\/","url":"https:\/\/i0.wp.com\/cariberadionline.com\/portal\/wp-content\/uploads\/2020\/12\/cropped-logo-transparente.png?fit=1789%2C1087&ssl=1","contentUrl":"https:\/\/i0.wp.com\/cariberadionline.com\/portal\/wp-content\/uploads\/2020\/12\/cropped-logo-transparente.png?fit=1789%2C1087&ssl=1","width":1789,"height":1087,"caption":"Caribe Radio Online"},"image":{"@id":"https:\/\/cariberadionline.com\/portal\/#\/schema\/logo\/image\/"}},{"@type":"Person","@id":"https:\/\/cariberadionline.com\/portal\/#\/schema\/person\/4e2259c4f95c83cd6f873b036e9dbde4","name":"Redacci\u00f3n Caribe Radio Online","image":{"@type":"ImageObject","inLanguage":"es-CO","@id":"https:\/\/secure.gravatar.com\/avatar\/9abd2c1253ecf424c4360ce3e8a4d8630e5fa062ca5fd485c685376c7f5157d2?s=96&d=mm&r=g","url":"https:\/\/secure.gravatar.com\/avatar\/9abd2c1253ecf424c4360ce3e8a4d8630e5fa062ca5fd485c685376c7f5157d2?s=96&d=mm&r=g","contentUrl":"https:\/\/secure.gravatar.com\/avatar\/9abd2c1253ecf424c4360ce3e8a4d8630e5fa062ca5fd485c685376c7f5157d2?s=96&d=mm&r=g","caption":"Redacci\u00f3n Caribe Radio Online"}}]}},"jetpack-related-posts":[],"jetpack_sharing_enabled":true,"jetpack_featured_media_url":"https:\/\/i0.wp.com\/cariberadionline.com\/portal\/wp-content\/uploads\/2026\/08\/WhatsApp-Image-2026-08-28-at-10.36.06-PM-1.jpeg?fit=1280%2C853&ssl=1","_links":{"self":[{"href":"https:\/\/cariberadionline.com\/portal\/wp-json\/wp\/v2\/posts\/14836","targetHints":{"allow":["GET"]}}],"collection":[{"href":"https:\/\/cariberadionline.com\/portal\/wp-json\/wp\/v2\/posts"}],"about":[{"href":"https:\/\/cariberadionline.com\/portal\/wp-json\/wp\/v2\/types\/post"}],"author":[{"embeddable":true,"href":"https:\/\/cariberadionline.com\/portal\/wp-json\/wp\/v2\/users\/2"}],"replies":[{"embeddable":true,"href":"https:\/\/cariberadionline.com\/portal\/wp-json\/wp\/v2\/comments?post=14836"}],"version-history":[{"count":1,"href":"https:\/\/cariberadionline.com\/portal\/wp-json\/wp\/v2\/posts\/14836\/revisions"}],"predecessor-version":[{"id":14842,"href":"https:\/\/cariberadionline.com\/portal\/wp-json\/wp\/v2\/posts\/14836\/revisions\/14842"}],"wp:featuredmedia":[{"embeddable":true,"href":"https:\/\/cariberadionline.com\/portal\/wp-json\/wp\/v2\/media\/14837"}],"wp:attachment":[{"href":"https:\/\/cariberadionline.com\/portal\/wp-json\/wp\/v2\/media?parent=14836"}],"wp:term":[{"taxonomy":"category","embeddable":true,"href":"https:\/\/cariberadionline.com\/portal\/wp-json\/wp\/v2\/categories?post=14836"},{"taxonomy":"post_tag","embeddable":true,"href":"https:\/\/cariberadionline.com\/portal\/wp-json\/wp\/v2\/tags?post=14836"}],"curies":[{"name":"wp","href":"https:\/\/api.w.org\/{rel}","templated":true}]}}