{"id":14843,"date":"2026-08-29T14:16:38","date_gmt":"2026-08-29T19:16:38","guid":{"rendered":"https:\/\/cariberadionline.com\/portal\/?p=14843"},"modified":"2026-08-29T14:16:38","modified_gmt":"2026-08-29T19:16:38","slug":"gobierno-radica-presupuesto-de-la-verdad-para-2027-por-635-billones","status":"publish","type":"post","link":"https:\/\/cariberadionline.com\/portal\/gobierno-radica-presupuesto-de-la-verdad-para-2027-por-635-billones\/","title":{"rendered":"Gobierno radica Presupuesto de la Verdad para 2027 por $635 billones"},"content":{"rendered":"<div><em>\u201cSomos conscientes de que estas medias exigen sacrificios, pero ordenar las finanzas p\u00fablicas es indispensable para proteger lo que la gente necesita hoy, y garantizarlo en el futuro. Gobernar con responsabilidad es el compromiso de la Patria Milagro con los colombianos\u201d, concluy\u00f3 G\u00f3mez Mart\u00ednez.<\/em><\/div>\n<p>&nbsp;<\/p>\n<p>El Gobierno del Presidente Abelardo De La Espriella radic\u00f3 este jueves, a trav\u00e9s del Ministerio de Hacienda y Cr\u00e9dito P\u00fablico, el Presupuesto General de la Naci\u00f3n 2027 (bautizado como Presupuesto de la Verdad), aforado en $635 billones, es decir, $59,3 billones m\u00e1s el presentado por la administraci\u00f3n anterior.<\/p>\n<div>El documento presentado ante la Secretar\u00eda General de C\u00e1mara de Representantes incluye el financiamiento de rubros de obligatorio cumplimiento que no hab\u00edan sido considerados en el presupuesto anterior, raz\u00f3n por la que fue devuelto por el Legislativo.<\/div>\n<div><\/div>\n<div>La cartera explic\u00f3 que los principales rubros que estaban desfinanciados, y que se incorporan en este nuevo Presupuesto General de la Naci\u00f3n, corresponden a necesidades sociales y compromisos financieros, entre ellos:<\/div>\n<div><\/div>\n<div>&#8211; $6,5 billones para el pago de pensiones<\/div>\n<div>&#8211; $2 billones para el Sistema de Salud<\/div>\n<div>&#8211; $4,5 billones para salarios de funcionarios p\u00fablicos<\/div>\n<div>&#8211; $0,7 billones para las universidades p\u00fablicas<\/div>\n<div>&#8211; $9,6 billones para el Fondo de Estabilizaci\u00f3n de Precios de Combustibles.<\/div>\n<div><\/div>\n<div>Adicionalmente, la cartera de las finanzas p\u00fablicas explic\u00f3 el Presupuesto de la Verdad se incrementa en $37,4 billones por el servicio de la deuda \u201cderivado de la estrategia irresponsable de endeudamiento del gobierno pasado que acumul\u00f3 vencimientos de deuda de corto plazo, cuyas tasas fueron m\u00e1s elevadas, y que no incorpor\u00f3 en sus cuentas\u201d.<\/div>\n<div><\/div>\n<div>De acuerdo con el ministro de Hacienda, Miguel G\u00f3mez Mart\u00ednez, \u201cel Presupuesto de la Verdad hace un esfuerzo de austeridad en $17,5 billones, al reducir $2,8 billones en compras de bienes y servicios; $2,5 billones de inversi\u00f3n no prioritaria, y otros $12 billones de pesos en m\u00e1s de 250 l\u00edneas de gasto\u201d.<\/div>\n<div><\/div>\n<div>Agreg\u00f3 el funcionario que el d\u00e9ficit fiscal, excluyendo los intereses en 2026, \u201cno ser\u00e1 de 2,1% del PIB que hab\u00eda anunciado el Gobierno anterior, sino de 4,4% del PIB\u201d, cifra que el Presidente De La Espriella espera reducir a 3,3% del PIB, para lo cual se expedir\u00e1 en los pr\u00f3ximos d\u00edas un decreto de recorte y aplazamiento de gasto.<\/div>\n<h2>Ley de Rescate Econ\u00f3mico<\/h2>\n<div>Seg\u00fan el ministro G\u00f3mez Mart\u00ednez, la primera fase del Plan Rescate del Gobierno Nacional es recuperar la capacidad del Estado para cumplirles a los colombianos y garantizar los recursos para las obligaciones esenciales.<\/div>\n<div><\/div>\n<div>Este Plan Rescate incluir\u00e1 medidas para contener en el corto plazo el acelerado crecimiento del gasto p\u00fablico y la explosi\u00f3n de la deuda que amenaza el futuro de la econom\u00eda, y asegurar una disminuci\u00f3n gradual del desbalance fiscal en 2027 (a 2,3% del PIB), y en los a\u00f1os siguientes, con miras a frenar la deuda p\u00fablica y hacerla otra vez sostenible.<\/div>\n<div><\/div>\n<div>\u201cSomos conscientes de que estas medias exigen sacrificios, pero ordenar las finanzas p\u00fablicas es indispensable para proteger lo que la gente necesita hoy, y garantizarlo en el futuro. Gobernar con responsabilidad es el compromiso de la Patria Milagro con los colombianos\u201d, concluy\u00f3 G\u00f3mez Mart\u00ednez.<\/div>\n<div><\/div>\n<div><strong><em>Con informaci\u00f3n del Ministerio de Hacienda y Cr\u00e9dito P\u00fablico<\/em><\/strong><\/div>\n","protected":false},"excerpt":{"rendered":"<p>\u201cSomos conscientes de que estas medias exigen sacrificios, pero ordenar las finanzas p\u00fablicas es indispensable<\/p>\n","protected":false},"author":2,"featured_media":14844,"comment_status":"closed","ping_status":"closed","sticky":false,"template":"","format":"standard","meta":{"_jetpack_newsletter_access":"","_jetpack_dont_email_post_to_subs":false,"_jetpack_newsletter_tier_id":0,"_jetpack_memberships_contains_paywalled_content":false,"_jetpack_feature_clip_id":0,"_jetpack_memberships_contains_paid_content":false,"footnotes":"","jetpack_post_was_ever_published":false},"categories":[223],"tags":[],"class_list":["post-14843","post","type-post","status-publish","format-standard","has-post-thumbnail","hentry","category-noticias"],"yoast_head":"<!-- This site is optimized with the Yoast SEO plugin v28.3 - https:\/\/yoast.com\/product\/yoast-seo-wordpress\/ -->\n<title>Gobierno radica Presupuesto de la Verdad para 2027 por $635 billones | Caribe Radio Online<\/title>\n<meta name=\"robots\" content=\"index, follow, max-snippet:-1, max-image-preview:large, max-video-preview:-1\" \/>\n<link rel=\"canonical\" href=\"https:\/\/cariberadionline.com\/portal\/gobierno-radica-presupuesto-de-la-verdad-para-2027-por-635-billones\/\" \/>\n<meta property=\"og:locale\" content=\"es_ES\" \/>\n<meta property=\"og:type\" content=\"article\" \/>\n<meta property=\"og:title\" content=\"Gobierno radica Presupuesto de la Verdad para 2027 por $635 billones | Caribe Radio Online\" \/>\n<meta property=\"og:description\" content=\"\u201cSomos conscientes de que estas medias exigen sacrificios, pero ordenar las finanzas p\u00fablicas es indispensable\" \/>\n<meta property=\"og:url\" content=\"https:\/\/cariberadionline.com\/portal\/gobierno-radica-presupuesto-de-la-verdad-para-2027-por-635-billones\/\" \/>\n<meta property=\"og:site_name\" content=\"Caribe Radio Online\" \/>\n<meta property=\"article:published_time\" content=\"2026-08-29T19:16:38+00:00\" \/>\n<meta property=\"og:image\" content=\"https:\/\/cariberadionline.com\/portal\/wp-content\/uploads\/2026\/08\/260827-Gobierno-radica-Presupuesto-de-la-Verdad-para-2027-por-635-billones-1280.jpg\" \/>\n\t<meta property=\"og:image:width\" content=\"1280\" \/>\n\t<meta property=\"og:image:height\" content=\"720\" \/>\n\t<meta property=\"og:image:type\" content=\"image\/jpeg\" \/>\n<meta name=\"author\" content=\"Redacci\u00f3n Caribe Radio Online\" \/>\n<meta name=\"twitter:card\" content=\"summary_large_image\" \/>\n<meta name=\"twitter:label1\" content=\"Escrito por\" \/>\n\t<meta name=\"twitter:data1\" content=\"Redacci\u00f3n Caribe Radio Online\" \/>\n\t<meta name=\"twitter:label2\" content=\"Tiempo de lectura\" \/>\n\t<meta name=\"twitter:data2\" content=\"3 minutos\" \/>\n<script type=\"application\/ld+json\" class=\"yoast-schema-graph\">{\"@context\":\"https:\\\/\\\/schema.org\",\"@graph\":[{\"@type\":\"Article\",\"@id\":\"https:\\\/\\\/cariberadionline.com\\\/portal\\\/gobierno-radica-presupuesto-de-la-verdad-para-2027-por-635-billones\\\/#article\",\"isPartOf\":{\"@id\":\"https:\\\/\\\/cariberadionline.com\\\/portal\\\/gobierno-radica-presupuesto-de-la-verdad-para-2027-por-635-billones\\\/\"},\"author\":{\"name\":\"Redacci\u00f3n Caribe Radio Online\",\"@id\":\"https:\\\/\\\/cariberadionline.com\\\/portal\\\/#\\\/schema\\\/person\\\/4e2259c4f95c83cd6f873b036e9dbde4\"},\"headline\":\"Gobierno radica Presupuesto de la Verdad para 2027 por $635 billones\",\"datePublished\":\"2026-08-29T19:16:38+00:00\",\"mainEntityOfPage\":{\"@id\":\"https:\\\/\\\/cariberadionline.com\\\/portal\\\/gobierno-radica-presupuesto-de-la-verdad-para-2027-por-635-billones\\\/\"},\"wordCount\":553,\"publisher\":{\"@id\":\"https:\\\/\\\/cariberadionline.com\\\/portal\\\/#organization\"},\"image\":{\"@id\":\"https:\\\/\\\/cariberadionline.com\\\/portal\\\/gobierno-radica-presupuesto-de-la-verdad-para-2027-por-635-billones\\\/#primaryimage\"},\"thumbnailUrl\":\"https:\\\/\\\/i0.wp.com\\\/cariberadionline.com\\\/portal\\\/wp-content\\\/uploads\\\/2026\\\/08\\\/260827-Gobierno-radica-Presupuesto-de-la-Verdad-para-2027-por-635-billones-1280.jpg?fit=1280%2C720&ssl=1\",\"articleSection\":[\"Noticias\"],\"inLanguage\":\"es-CO\"},{\"@type\":\"WebPage\",\"@id\":\"https:\\\/\\\/cariberadionline.com\\\/portal\\\/gobierno-radica-presupuesto-de-la-verdad-para-2027-por-635-billones\\\/\",\"url\":\"https:\\\/\\\/cariberadionline.com\\\/portal\\\/gobierno-radica-presupuesto-de-la-verdad-para-2027-por-635-billones\\\/\",\"name\":\"Gobierno radica Presupuesto de la Verdad para 2027 por $635 billones | Caribe Radio Online\",\"isPartOf\":{\"@id\":\"https:\\\/\\\/cariberadionline.com\\\/portal\\\/#website\"},\"primaryImageOfPage\":{\"@id\":\"https:\\\/\\\/cariberadionline.com\\\/portal\\\/gobierno-radica-presupuesto-de-la-verdad-para-2027-por-635-billones\\\/#primaryimage\"},\"image\":{\"@id\":\"https:\\\/\\\/cariberadionline.com\\\/portal\\\/gobierno-radica-presupuesto-de-la-verdad-para-2027-por-635-billones\\\/#primaryimage\"},\"thumbnailUrl\":\"https:\\\/\\\/i0.wp.com\\\/cariberadionline.com\\\/portal\\\/wp-content\\\/uploads\\\/2026\\\/08\\\/260827-Gobierno-radica-Presupuesto-de-la-Verdad-para-2027-por-635-billones-1280.jpg?fit=1280%2C720&ssl=1\",\"datePublished\":\"2026-08-29T19:16:38+00:00\",\"breadcrumb\":{\"@id\":\"https:\\\/\\\/cariberadionline.com\\\/portal\\\/gobierno-radica-presupuesto-de-la-verdad-para-2027-por-635-billones\\\/#breadcrumb\"},\"inLanguage\":\"es-CO\",\"potentialAction\":[{\"@type\":\"ReadAction\",\"target\":[\"https:\\\/\\\/cariberadionline.com\\\/portal\\\/gobierno-radica-presupuesto-de-la-verdad-para-2027-por-635-billones\\\/\"]}]},{\"@type\":\"ImageObject\",\"inLanguage\":\"es-CO\",\"@id\":\"https:\\\/\\\/cariberadionline.com\\\/portal\\\/gobierno-radica-presupuesto-de-la-verdad-para-2027-por-635-billones\\\/#primaryimage\",\"url\":\"https:\\\/\\\/i0.wp.com\\\/cariberadionline.com\\\/portal\\\/wp-content\\\/uploads\\\/2026\\\/08\\\/260827-Gobierno-radica-Presupuesto-de-la-Verdad-para-2027-por-635-billones-1280.jpg?fit=1280%2C720&ssl=1\",\"contentUrl\":\"https:\\\/\\\/i0.wp.com\\\/cariberadionline.com\\\/portal\\\/wp-content\\\/uploads\\\/2026\\\/08\\\/260827-Gobierno-radica-Presupuesto-de-la-Verdad-para-2027-por-635-billones-1280.jpg?fit=1280%2C720&ssl=1\",\"width\":1280,\"height\":720,\"caption\":\"Gobierno radica Presupuesto de la Verdad para 2027 por $635 billones\"},{\"@type\":\"BreadcrumbList\",\"@id\":\"https:\\\/\\\/cariberadionline.com\\\/portal\\\/gobierno-radica-presupuesto-de-la-verdad-para-2027-por-635-billones\\\/#breadcrumb\",\"itemListElement\":[{\"@type\":\"ListItem\",\"position\":1,\"name\":\"Home\",\"item\":\"https:\\\/\\\/cariberadionline.com\\\/portal\\\/\"},{\"@type\":\"ListItem\",\"position\":2,\"name\":\"Gobierno radica Presupuesto de la Verdad para 2027 por $635 billones\"}]},{\"@type\":\"WebSite\",\"@id\":\"https:\\\/\\\/cariberadionline.com\\\/portal\\\/#website\",\"url\":\"https:\\\/\\\/cariberadionline.com\\\/portal\\\/\",\"name\":\"Caribe Radio Online\",\"description\":\"La Radio del Futuro\",\"publisher\":{\"@id\":\"https:\\\/\\\/cariberadionline.com\\\/portal\\\/#organization\"},\"potentialAction\":[{\"@type\":\"SearchAction\",\"target\":{\"@type\":\"EntryPoint\",\"urlTemplate\":\"https:\\\/\\\/cariberadionline.com\\\/portal\\\/?s={search_term_string}\"},\"query-input\":{\"@type\":\"PropertyValueSpecification\",\"valueRequired\":true,\"valueName\":\"search_term_string\"}}],\"inLanguage\":\"es-CO\"},{\"@type\":\"Organization\",\"@id\":\"https:\\\/\\\/cariberadionline.com\\\/portal\\\/#organization\",\"name\":\"Caribe Radio Online\",\"url\":\"https:\\\/\\\/cariberadionline.com\\\/portal\\\/\",\"logo\":{\"@type\":\"ImageObject\",\"inLanguage\":\"es-CO\",\"@id\":\"https:\\\/\\\/cariberadionline.com\\\/portal\\\/#\\\/schema\\\/logo\\\/image\\\/\",\"url\":\"https:\\\/\\\/i0.wp.com\\\/cariberadionline.com\\\/portal\\\/wp-content\\\/uploads\\\/2020\\\/12\\\/cropped-logo-transparente.png?fit=1789%2C1087&ssl=1\",\"contentUrl\":\"https:\\\/\\\/i0.wp.com\\\/cariberadionline.com\\\/portal\\\/wp-content\\\/uploads\\\/2020\\\/12\\\/cropped-logo-transparente.png?fit=1789%2C1087&ssl=1\",\"width\":1789,\"height\":1087,\"caption\":\"Caribe Radio Online\"},\"image\":{\"@id\":\"https:\\\/\\\/cariberadionline.com\\\/portal\\\/#\\\/schema\\\/logo\\\/image\\\/\"}},{\"@type\":\"Person\",\"@id\":\"https:\\\/\\\/cariberadionline.com\\\/portal\\\/#\\\/schema\\\/person\\\/4e2259c4f95c83cd6f873b036e9dbde4\",\"name\":\"Redacci\u00f3n Caribe Radio Online\",\"image\":{\"@type\":\"ImageObject\",\"inLanguage\":\"es-CO\",\"@id\":\"https:\\\/\\\/secure.gravatar.com\\\/avatar\\\/9abd2c1253ecf424c4360ce3e8a4d8630e5fa062ca5fd485c685376c7f5157d2?s=96&d=mm&r=g\",\"url\":\"https:\\\/\\\/secure.gravatar.com\\\/avatar\\\/9abd2c1253ecf424c4360ce3e8a4d8630e5fa062ca5fd485c685376c7f5157d2?s=96&d=mm&r=g\",\"contentUrl\":\"https:\\\/\\\/secure.gravatar.com\\\/avatar\\\/9abd2c1253ecf424c4360ce3e8a4d8630e5fa062ca5fd485c685376c7f5157d2?s=96&d=mm&r=g\",\"caption\":\"Redacci\u00f3n Caribe Radio Online\"}}]}<\/script>\n<!-- \/ Yoast SEO plugin. -->","yoast_head_json":{"title":"Gobierno radica Presupuesto de la Verdad para 2027 por $635 billones | Caribe Radio Online","robots":{"index":"index","follow":"follow","max-snippet":"max-snippet:-1","max-image-preview":"max-image-preview:large","max-video-preview":"max-video-preview:-1"},"canonical":"https:\/\/cariberadionline.com\/portal\/gobierno-radica-presupuesto-de-la-verdad-para-2027-por-635-billones\/","og_locale":"es_ES","og_type":"article","og_title":"Gobierno radica Presupuesto de la Verdad para 2027 por $635 billones | Caribe Radio Online","og_description":"\u201cSomos conscientes de que estas medias exigen sacrificios, pero ordenar las finanzas p\u00fablicas es indispensable","og_url":"https:\/\/cariberadionline.com\/portal\/gobierno-radica-presupuesto-de-la-verdad-para-2027-por-635-billones\/","og_site_name":"Caribe Radio Online","article_published_time":"2026-08-29T19:16:38+00:00","og_image":[{"width":1280,"height":720,"url":"https:\/\/cariberadionline.com\/portal\/wp-content\/uploads\/2026\/08\/260827-Gobierno-radica-Presupuesto-de-la-Verdad-para-2027-por-635-billones-1280.jpg","type":"image\/jpeg"}],"author":"Redacci\u00f3n Caribe Radio Online","twitter_card":"summary_large_image","twitter_misc":{"Escrito por":"Redacci\u00f3n Caribe Radio Online","Tiempo de lectura":"3 minutos"},"schema":{"@context":"https:\/\/schema.org","@graph":[{"@type":"Article","@id":"https:\/\/cariberadionline.com\/portal\/gobierno-radica-presupuesto-de-la-verdad-para-2027-por-635-billones\/#article","isPartOf":{"@id":"https:\/\/cariberadionline.com\/portal\/gobierno-radica-presupuesto-de-la-verdad-para-2027-por-635-billones\/"},"author":{"name":"Redacci\u00f3n Caribe Radio Online","@id":"https:\/\/cariberadionline.com\/portal\/#\/schema\/person\/4e2259c4f95c83cd6f873b036e9dbde4"},"headline":"Gobierno radica Presupuesto de la Verdad para 2027 por $635 billones","datePublished":"2026-08-29T19:16:38+00:00","mainEntityOfPage":{"@id":"https:\/\/cariberadionline.com\/portal\/gobierno-radica-presupuesto-de-la-verdad-para-2027-por-635-billones\/"},"wordCount":553,"publisher":{"@id":"https:\/\/cariberadionline.com\/portal\/#organization"},"image":{"@id":"https:\/\/cariberadionline.com\/portal\/gobierno-radica-presupuesto-de-la-verdad-para-2027-por-635-billones\/#primaryimage"},"thumbnailUrl":"https:\/\/i0.wp.com\/cariberadionline.com\/portal\/wp-content\/uploads\/2026\/08\/260827-Gobierno-radica-Presupuesto-de-la-Verdad-para-2027-por-635-billones-1280.jpg?fit=1280%2C720&ssl=1","articleSection":["Noticias"],"inLanguage":"es-CO"},{"@type":"WebPage","@id":"https:\/\/cariberadionline.com\/portal\/gobierno-radica-presupuesto-de-la-verdad-para-2027-por-635-billones\/","url":"https:\/\/cariberadionline.com\/portal\/gobierno-radica-presupuesto-de-la-verdad-para-2027-por-635-billones\/","name":"Gobierno radica Presupuesto de la Verdad para 2027 por $635 billones | Caribe Radio Online","isPartOf":{"@id":"https:\/\/cariberadionline.com\/portal\/#website"},"primaryImageOfPage":{"@id":"https:\/\/cariberadionline.com\/portal\/gobierno-radica-presupuesto-de-la-verdad-para-2027-por-635-billones\/#primaryimage"},"image":{"@id":"https:\/\/cariberadionline.com\/portal\/gobierno-radica-presupuesto-de-la-verdad-para-2027-por-635-billones\/#primaryimage"},"thumbnailUrl":"https:\/\/i0.wp.com\/cariberadionline.com\/portal\/wp-content\/uploads\/2026\/08\/260827-Gobierno-radica-Presupuesto-de-la-Verdad-para-2027-por-635-billones-1280.jpg?fit=1280%2C720&ssl=1","datePublished":"2026-08-29T19:16:38+00:00","breadcrumb":{"@id":"https:\/\/cariberadionline.com\/portal\/gobierno-radica-presupuesto-de-la-verdad-para-2027-por-635-billones\/#breadcrumb"},"inLanguage":"es-CO","potentialAction":[{"@type":"ReadAction","target":["https:\/\/cariberadionline.com\/portal\/gobierno-radica-presupuesto-de-la-verdad-para-2027-por-635-billones\/"]}]},{"@type":"ImageObject","inLanguage":"es-CO","@id":"https:\/\/cariberadionline.com\/portal\/gobierno-radica-presupuesto-de-la-verdad-para-2027-por-635-billones\/#primaryimage","url":"https:\/\/i0.wp.com\/cariberadionline.com\/portal\/wp-content\/uploads\/2026\/08\/260827-Gobierno-radica-Presupuesto-de-la-Verdad-para-2027-por-635-billones-1280.jpg?fit=1280%2C720&ssl=1","contentUrl":"https:\/\/i0.wp.com\/cariberadionline.com\/portal\/wp-content\/uploads\/2026\/08\/260827-Gobierno-radica-Presupuesto-de-la-Verdad-para-2027-por-635-billones-1280.jpg?fit=1280%2C720&ssl=1","width":1280,"height":720,"caption":"Gobierno radica Presupuesto de la Verdad para 2027 por $635 billones"},{"@type":"BreadcrumbList","@id":"https:\/\/cariberadionline.com\/portal\/gobierno-radica-presupuesto-de-la-verdad-para-2027-por-635-billones\/#breadcrumb","itemListElement":[{"@type":"ListItem","position":1,"name":"Home","item":"https:\/\/cariberadionline.com\/portal\/"},{"@type":"ListItem","position":2,"name":"Gobierno radica Presupuesto de la Verdad para 2027 por $635 billones"}]},{"@type":"WebSite","@id":"https:\/\/cariberadionline.com\/portal\/#website","url":"https:\/\/cariberadionline.com\/portal\/","name":"Caribe Radio Online","description":"La Radio del Futuro","publisher":{"@id":"https:\/\/cariberadionline.com\/portal\/#organization"},"potentialAction":[{"@type":"SearchAction","target":{"@type":"EntryPoint","urlTemplate":"https:\/\/cariberadionline.com\/portal\/?s={search_term_string}"},"query-input":{"@type":"PropertyValueSpecification","valueRequired":true,"valueName":"search_term_string"}}],"inLanguage":"es-CO"},{"@type":"Organization","@id":"https:\/\/cariberadionline.com\/portal\/#organization","name":"Caribe Radio Online","url":"https:\/\/cariberadionline.com\/portal\/","logo":{"@type":"ImageObject","inLanguage":"es-CO","@id":"https:\/\/cariberadionline.com\/portal\/#\/schema\/logo\/image\/","url":"https:\/\/i0.wp.com\/cariberadionline.com\/portal\/wp-content\/uploads\/2020\/12\/cropped-logo-transparente.png?fit=1789%2C1087&ssl=1","contentUrl":"https:\/\/i0.wp.com\/cariberadionline.com\/portal\/wp-content\/uploads\/2020\/12\/cropped-logo-transparente.png?fit=1789%2C1087&ssl=1","width":1789,"height":1087,"caption":"Caribe Radio Online"},"image":{"@id":"https:\/\/cariberadionline.com\/portal\/#\/schema\/logo\/image\/"}},{"@type":"Person","@id":"https:\/\/cariberadionline.com\/portal\/#\/schema\/person\/4e2259c4f95c83cd6f873b036e9dbde4","name":"Redacci\u00f3n Caribe Radio Online","image":{"@type":"ImageObject","inLanguage":"es-CO","@id":"https:\/\/secure.gravatar.com\/avatar\/9abd2c1253ecf424c4360ce3e8a4d8630e5fa062ca5fd485c685376c7f5157d2?s=96&d=mm&r=g","url":"https:\/\/secure.gravatar.com\/avatar\/9abd2c1253ecf424c4360ce3e8a4d8630e5fa062ca5fd485c685376c7f5157d2?s=96&d=mm&r=g","contentUrl":"https:\/\/secure.gravatar.com\/avatar\/9abd2c1253ecf424c4360ce3e8a4d8630e5fa062ca5fd485c685376c7f5157d2?s=96&d=mm&r=g","caption":"Redacci\u00f3n Caribe Radio Online"}}]}},"jetpack-related-posts":[],"jetpack_sharing_enabled":true,"jetpack_featured_media_url":"https:\/\/i0.wp.com\/cariberadionline.com\/portal\/wp-content\/uploads\/2026\/08\/260827-Gobierno-radica-Presupuesto-de-la-Verdad-para-2027-por-635-billones-1280.jpg?fit=1280%2C720&ssl=1","_links":{"self":[{"href":"https:\/\/cariberadionline.com\/portal\/wp-json\/wp\/v2\/posts\/14843","targetHints":{"allow":["GET"]}}],"collection":[{"href":"https:\/\/cariberadionline.com\/portal\/wp-json\/wp\/v2\/posts"}],"about":[{"href":"https:\/\/cariberadionline.com\/portal\/wp-json\/wp\/v2\/types\/post"}],"author":[{"embeddable":true,"href":"https:\/\/cariberadionline.com\/portal\/wp-json\/wp\/v2\/users\/2"}],"replies":[{"embeddable":true,"href":"https:\/\/cariberadionline.com\/portal\/wp-json\/wp\/v2\/comments?post=14843"}],"version-history":[{"count":1,"href":"https:\/\/cariberadionline.com\/portal\/wp-json\/wp\/v2\/posts\/14843\/revisions"}],"predecessor-version":[{"id":14845,"href":"https:\/\/cariberadionline.com\/portal\/wp-json\/wp\/v2\/posts\/14843\/revisions\/14845"}],"wp:featuredmedia":[{"embeddable":true,"href":"https:\/\/cariberadionline.com\/portal\/wp-json\/wp\/v2\/media\/14844"}],"wp:attachment":[{"href":"https:\/\/cariberadionline.com\/portal\/wp-json\/wp\/v2\/media?parent=14843"}],"wp:term":[{"taxonomy":"category","embeddable":true,"href":"https:\/\/cariberadionline.com\/portal\/wp-json\/wp\/v2\/categories?post=14843"},{"taxonomy":"post_tag","embeddable":true,"href":"https:\/\/cariberadionline.com\/portal\/wp-json\/wp\/v2\/tags?post=14843"}],"curies":[{"name":"wp","href":"https:\/\/api.w.org\/{rel}","templated":true}]}}