{"id":14880,"date":"2026-08-31T07:04:34","date_gmt":"2026-08-31T12:04:34","guid":{"rendered":"https:\/\/cariberadionline.com\/portal\/?p=14880"},"modified":"2026-08-31T07:04:34","modified_gmt":"2026-08-31T12:04:34","slug":"colombia-mayor-gobierno-nacional-garantiza-entrega-del-septimo-ciclo","status":"publish","type":"post","link":"https:\/\/cariberadionline.com\/portal\/colombia-mayor-gobierno-nacional-garantiza-entrega-del-septimo-ciclo\/","title":{"rendered":"Colombia Mayor: Gobierno nacional garantiza entrega del S\u00e9ptimo Ciclo"},"content":{"rendered":"<p align=\"justify\"><i>Cumpliendo el compromiso del se\u00f1or presidente Abelardo De La Espriella, cerca de 3 millones de personas mayores continuar\u00e1n recibiendo la transferencia monetaria. <\/i><i>La entrega de recursos se realizar\u00e1 del\u00a0<\/i><i><b>3 al 13 de septiembre.<\/b><\/i><\/p>\n<p class=\"western\" align=\"justify\">El Gobierno nacional, a trav\u00e9s de Prosperidad Social, cumple con el compromiso anunciado por el se\u00f1or presidente\u00a0Abelardo De La Espriella\u00a0antes de asumir su mandato.<\/p>\n<p class=\"western\" align=\"justify\">Prosperidad Social entregar\u00e1 el s\u00e9ptimo ciclo de transferencias monetarias de Colombia Mayor a cerca de 3 millones de participantes del programa, entre el 3 y el 13 de septiembre.<\/p>\n<p class=\"western\" align=\"justify\">Tal como fue anunciado por el primer mandatario con los colombianos, la entidad gestion\u00f3 los recursos necesarios para garantizar los 639.643 millones de pesos correspondientes al s\u00e9ptimo ciclo del programa.<\/p>\n<p class=\"western\" align=\"justify\">Pese a recibir el programa Colombia Mayor desfinanciado en 3,5 billones de pesos, su gobierno realiz\u00f3 los esfuerzos necesarios y optimiz\u00f3 los recursos del Presupuesto General de la Naci\u00f3n,\u00a0<span lang=\"es-CO\">para garantizar la continuidad de las transferencias y cumplir con su responsabilidad de apoyar a las personas mayores m\u00e1s vulnerables del pa\u00eds.<\/span><\/p>\n<p class=\"western\" align=\"justify\">La directora de Prosperidad Social, Sandra Su\u00e1rez P\u00e9rez, dijo:\u00a0<em>\u201cEl Gobierno del presidente Aberlardo De la Espriella responde as\u00ed al compromiso con las personas mayores. Recibimos un programa desfinanciado, buscamos y optimizamos el gasto, y garantizamos as\u00ed los recursos para darle continuidad al programa, para que la dignidad de los adultos mayores sea una realidad, no una promesa\u201d<\/em>.<\/p>\n<p align=\"justify\"><img data-recalc-dims=\"1\" fetchpriority=\"high\" decoding=\"async\" class=\"size-medium wp-image-14883 aligncenter\" src=\"https:\/\/i0.wp.com\/cariberadionline.com\/portal\/wp-content\/uploads\/2026\/08\/Colombia-mayor-garantia-septimo-ciclo-6-1.jpeg?resize=300%2C225&#038;ssl=1\" alt=\"\" width=\"300\" height=\"225\" srcset=\"https:\/\/i0.wp.com\/cariberadionline.com\/portal\/wp-content\/uploads\/2026\/08\/Colombia-mayor-garantia-septimo-ciclo-6-1.jpeg?resize=300%2C225&amp;ssl=1 300w, https:\/\/i0.wp.com\/cariberadionline.com\/portal\/wp-content\/uploads\/2026\/08\/Colombia-mayor-garantia-septimo-ciclo-6-1.jpeg?resize=1024%2C768&amp;ssl=1 1024w, https:\/\/i0.wp.com\/cariberadionline.com\/portal\/wp-content\/uploads\/2026\/08\/Colombia-mayor-garantia-septimo-ciclo-6-1.jpeg?resize=768%2C576&amp;ssl=1 768w, https:\/\/i0.wp.com\/cariberadionline.com\/portal\/wp-content\/uploads\/2026\/08\/Colombia-mayor-garantia-septimo-ciclo-6-1.jpeg?resize=500%2C375&amp;ssl=1 500w, https:\/\/i0.wp.com\/cariberadionline.com\/portal\/wp-content\/uploads\/2026\/08\/Colombia-mayor-garantia-septimo-ciclo-6-1.jpeg?w=1200&amp;ssl=1 1200w\" sizes=\"(max-width: 300px) 100vw, 300px\" \/><\/p>\n<section class=\"elementor-section elementor-top-section elementor-element elementor-element-3804ee0 elementor-section-boxed elementor-section-height-default elementor-section-height-default\" data-id=\"3804ee0\" data-element_type=\"section\">\n<div class=\"elementor-container elementor-column-gap-default\">\n<div class=\"elementor-row\">\n<div class=\"elementor-column elementor-col-100 elementor-top-column elementor-element elementor-element-b033d01\" data-id=\"b033d01\" data-element_type=\"column\">\n<div class=\"elementor-column-wrap elementor-element-populated\">\n<div class=\"elementor-widget-wrap\">\n<div class=\"elementor-element elementor-element-73ad898 elementor-widget elementor-widget-text-editor\" data-id=\"73ad898\" data-element_type=\"widget\" data-widget_type=\"text-editor.default\">\n<div class=\"elementor-widget-container\">\n<div class=\"elementor-text-editor elementor-clearfix\">\n<p class=\"western\" align=\"justify\"><b>M\u00e1s opciones para recibir las transferencias<\/b><\/p>\n<p class=\"western\" align=\"justify\">En este ciclo, 24.598 participantes que registraron exitosamente su cuenta bancaria o dep\u00f3sito electr\u00f3nico a trav\u00e9s del Gestor de Informaci\u00f3n Financiera (GIF) recibir\u00e1n el incentivo directamente en el producto financiero registrado.<\/p>\n<p class=\"western\" align=\"justify\">Esta modalidad permite avanzar hacia una entrega m\u00e1s directa, segura y eficiente de los recursos, reduciendo desplazamientos y facilitando el acceso de los participantes a sus transferencias.<\/p>\n<p class=\"western\" align=\"justify\">Entre las principales ventajas de registrar una cuenta bancaria o un dep\u00f3sito electr\u00f3nico est\u00e1 la posibilidad de recibir los recursos de manera anticipada frente a otras modalidades de pago, de acuerdo con el cronograma establecido para cada ciclo. Adem\u00e1s, quienes reciben el incentivo mediante esta modalidad no necesitan desplazarse a un punto de pago, ya que los recursos son consignados directamente en el producto financiero registrado, lo que facilita su disponibilidad y contribuye a una entrega m\u00e1s segura.<\/p>\n<p class=\"western\" align=\"justify\"><b>Registra tu producto financiero<\/b><\/p>\n<p class=\"western\" align=\"justify\">Prosperidad Social invita a quienes a\u00fan no han registrado su cuenta bancaria o dep\u00f3sito electr\u00f3nico a realizar el proceso a trav\u00e9s del\u00a0<u><a href=\"https:\/\/prosperidadsocial.gov.co\/gestor-de-informacion-financiera\/\">Gestor de Informaci\u00f3n Financiera (GIF)<\/a><\/u>, disponible en la p\u00e1gina web de la entidad. Esta herramienta permite registrar, consultar y actualizar la informaci\u00f3n del producto financiero en el que desean recibir las transferencias monetarias.<\/p>\n<p align=\"justify\"><img data-recalc-dims=\"1\" decoding=\"async\" class=\"size-medium wp-image-14881 aligncenter\" src=\"https:\/\/i0.wp.com\/cariberadionline.com\/portal\/wp-content\/uploads\/2026\/08\/Colombia-mayor-garantia-septimo-ciclo-5-1-768x512-1.jpeg?resize=300%2C200&#038;ssl=1\" alt=\"\" width=\"300\" height=\"200\" srcset=\"https:\/\/i0.wp.com\/cariberadionline.com\/portal\/wp-content\/uploads\/2026\/08\/Colombia-mayor-garantia-septimo-ciclo-5-1-768x512-1.jpeg?resize=300%2C200&amp;ssl=1 300w, https:\/\/i0.wp.com\/cariberadionline.com\/portal\/wp-content\/uploads\/2026\/08\/Colombia-mayor-garantia-septimo-ciclo-5-1-768x512-1.jpeg?w=768&amp;ssl=1 768w\" sizes=\"(max-width: 300px) 100vw, 300px\" \/> <img data-recalc-dims=\"1\" decoding=\"async\" class=\"size-medium wp-image-14882 aligncenter\" src=\"https:\/\/i0.wp.com\/cariberadionline.com\/portal\/wp-content\/uploads\/2026\/08\/Colombia-mayor-garantia-septimo-ciclo-4-1-1024x683-1.jpeg?resize=300%2C200&#038;ssl=1\" alt=\"\" width=\"300\" height=\"200\" srcset=\"https:\/\/i0.wp.com\/cariberadionline.com\/portal\/wp-content\/uploads\/2026\/08\/Colombia-mayor-garantia-septimo-ciclo-4-1-1024x683-1.jpeg?resize=300%2C200&amp;ssl=1 300w, https:\/\/i0.wp.com\/cariberadionline.com\/portal\/wp-content\/uploads\/2026\/08\/Colombia-mayor-garantia-septimo-ciclo-4-1-1024x683-1.jpeg?resize=768%2C512&amp;ssl=1 768w, https:\/\/i0.wp.com\/cariberadionline.com\/portal\/wp-content\/uploads\/2026\/08\/Colombia-mayor-garantia-septimo-ciclo-4-1-1024x683-1.jpeg?w=1024&amp;ssl=1 1024w\" sizes=\"(max-width: 300px) 100vw, 300px\" \/><\/p>\n<\/div>\n<\/div>\n<\/div>\n<\/div>\n<\/div>\n<\/div>\n<\/div>\n<\/div>\n<\/section>\n<section class=\"elementor-section elementor-top-section elementor-element elementor-element-59f74a1 elementor-section-boxed elementor-section-height-default elementor-section-height-default\" data-id=\"59f74a1\" data-element_type=\"section\">\n<div class=\"elementor-container elementor-column-gap-default\">\n<div class=\"elementor-row\">\n<div class=\"elementor-column elementor-col-50 elementor-top-column elementor-element elementor-element-6225e37\" data-id=\"6225e37\" data-element_type=\"column\">\n<div class=\"elementor-column-wrap elementor-element-populated\">\n<div class=\"elementor-widget-wrap\">\n<div class=\"elementor-element elementor-element-2c78039 elementor-widget elementor-widget-image\" data-id=\"2c78039\" data-element_type=\"widget\" data-widget_type=\"image.default\">\n<div class=\"elementor-widget-container\">\n<div class=\"elementor-image\"><\/div>\n<\/div>\n<\/div>\n<\/div>\n<\/div>\n<\/div>\n<div class=\"elementor-column elementor-col-50 elementor-top-column elementor-element elementor-element-1215677\" data-id=\"1215677\" data-element_type=\"column\">\n<div class=\"elementor-column-wrap elementor-element-populated\">\n<div class=\"elementor-widget-wrap\">\n<div class=\"elementor-element elementor-element-eb65fbd elementor-widget elementor-widget-image\" data-id=\"eb65fbd\" data-element_type=\"widget\" data-widget_type=\"image.default\">\n<div class=\"elementor-widget-container\">\n<div class=\"elementor-image\"><\/div>\n<\/div>\n<\/div>\n<\/div>\n<\/div>\n<\/div>\n<\/div>\n<\/div>\n<\/section>\n<section class=\"elementor-section elementor-top-section elementor-element elementor-element-0b3faee elementor-section-boxed elementor-section-height-default elementor-section-height-default\" data-id=\"0b3faee\" data-element_type=\"section\">\n<div class=\"elementor-container elementor-column-gap-default\">\n<div class=\"elementor-row\">\n<div class=\"elementor-column elementor-col-100 elementor-top-column elementor-element elementor-element-69740d8\" data-id=\"69740d8\" data-element_type=\"column\">\n<div class=\"elementor-column-wrap elementor-element-populated\">\n<div class=\"elementor-widget-wrap\">\n<div class=\"elementor-element elementor-element-d67e5f5 elementor-widget elementor-widget-text-editor\" data-id=\"d67e5f5\" data-element_type=\"widget\" data-widget_type=\"text-editor.default\">\n<div class=\"elementor-widget-container\">\n<div class=\"elementor-text-editor elementor-clearfix\">\n<p class=\"western\" align=\"justify\"><b>\u00bfC\u00f3mo acceder al Gestor de Informaci\u00f3n Financiera?<\/b><\/p>\n<p class=\"western\" align=\"justify\">Ingresa a la p\u00e1gina principal de Prosperidad Social. En el men\u00fa\u00a0<u><a href=\"https:\/\/prosperidadsocial.gov.co\/gestor-de-informacion-financiera\/\">\u201cProgramas\u201d<\/a><\/u>\u00a0encontrar\u00e1s el enlace para acceder al Gestor de Informaci\u00f3n Financiera y realizar el registro.<\/p>\n<p class=\"western\" align=\"justify\">Tambi\u00e9n puedes ingresar mediante el bot\u00f3n flotante ubicado en la parte derecha de la p\u00e1gina web, que dirige directamente al aplicativo para completar el proceso de manera r\u00e1pida y sencilla.<\/p>\n<p class=\"western\" align=\"justify\"><span lang=\"es-ES\"><b>Canales oficiales de Prosperidad Social<\/b><\/span><\/p>\n<p class=\"western\" align=\"justify\"><span lang=\"es-ES\">Prosperidad Social reitera a sus beneficiarios que todos los tr\u00e1mites ante la entidad son gratuitos y no requieren intermediarios. Para evitar fraudes, consulte s\u00f3lo los canales oficiales:<\/span><\/p>\n<ul>\n<li>\n<p align=\"justify\"><span lang=\"pt-PT\"><b>P\u00e1gina web:<\/b><\/span>\u00a0<u><a href=\"http:\/\/www.prosperidadsocial.gov.co\/\"><span lang=\"pt-PT\">www.prosperidadsocial.gov.co<\/span><\/a><\/u><span lang=\"pt-PT\">\u00a0<\/span><\/p>\n<\/li>\n<\/ul>\n<\/div>\n<\/div>\n<\/div>\n<\/div>\n<\/div>\n<\/div>\n<\/div>\n<\/div>\n<\/section>\n","protected":false},"excerpt":{"rendered":"<p>Cumpliendo el compromiso del se\u00f1or presidente Abelardo De La Espriella, cerca de 3 millones de<\/p>\n","protected":false},"author":2,"featured_media":14884,"comment_status":"closed","ping_status":"closed","sticky":false,"template":"","format":"standard","meta":{"_jetpack_newsletter_access":"","_jetpack_dont_email_post_to_subs":false,"_jetpack_newsletter_tier_id":0,"_jetpack_memberships_contains_paywalled_content":false,"_jetpack_feature_clip_id":0,"_jetpack_memberships_contains_paid_content":false,"footnotes":"","jetpack_post_was_ever_published":false},"categories":[223],"tags":[],"class_list":["post-14880","post","type-post","status-publish","format-standard","has-post-thumbnail","hentry","category-noticias"],"yoast_head":"<!-- This site is optimized with the Yoast SEO plugin v28.3 - https:\/\/yoast.com\/product\/yoast-seo-wordpress\/ -->\n<title>Colombia Mayor: Gobierno nacional garantiza entrega del S\u00e9ptimo Ciclo | Caribe Radio Online<\/title>\n<meta name=\"robots\" content=\"index, follow, max-snippet:-1, max-image-preview:large, max-video-preview:-1\" \/>\n<link rel=\"canonical\" href=\"https:\/\/cariberadionline.com\/portal\/colombia-mayor-gobierno-nacional-garantiza-entrega-del-septimo-ciclo\/\" \/>\n<meta property=\"og:locale\" content=\"es_ES\" \/>\n<meta property=\"og:type\" content=\"article\" \/>\n<meta property=\"og:title\" content=\"Colombia Mayor: Gobierno nacional garantiza entrega del S\u00e9ptimo Ciclo | Caribe Radio Online\" \/>\n<meta property=\"og:description\" content=\"Cumpliendo el compromiso del se\u00f1or presidente Abelardo De La Espriella, cerca de 3 millones de\" \/>\n<meta property=\"og:url\" content=\"https:\/\/cariberadionline.com\/portal\/colombia-mayor-gobierno-nacional-garantiza-entrega-del-septimo-ciclo\/\" \/>\n<meta property=\"og:site_name\" content=\"Caribe Radio Online\" \/>\n<meta property=\"article:published_time\" content=\"2026-08-31T12:04:34+00:00\" \/>\n<meta property=\"og:image\" content=\"https:\/\/cariberadionline.com\/portal\/wp-content\/uploads\/2026\/08\/Colombia-mayor-garantia-septimo-ciclo-1-1-576x1024-1.jpeg\" \/>\n\t<meta property=\"og:image:width\" content=\"576\" \/>\n\t<meta property=\"og:image:height\" content=\"1024\" \/>\n\t<meta property=\"og:image:type\" content=\"image\/jpeg\" \/>\n<meta name=\"author\" content=\"Redacci\u00f3n Caribe Radio Online\" \/>\n<meta name=\"twitter:card\" content=\"summary_large_image\" \/>\n<meta name=\"twitter:label1\" content=\"Escrito por\" \/>\n\t<meta name=\"twitter:data1\" content=\"Redacci\u00f3n Caribe Radio Online\" \/>\n\t<meta name=\"twitter:label2\" content=\"Tiempo de lectura\" \/>\n\t<meta name=\"twitter:data2\" content=\"4 minutos\" \/>\n<script type=\"application\/ld+json\" class=\"yoast-schema-graph\">{\"@context\":\"https:\\\/\\\/schema.org\",\"@graph\":[{\"@type\":\"Article\",\"@id\":\"https:\\\/\\\/cariberadionline.com\\\/portal\\\/colombia-mayor-gobierno-nacional-garantiza-entrega-del-septimo-ciclo\\\/#article\",\"isPartOf\":{\"@id\":\"https:\\\/\\\/cariberadionline.com\\\/portal\\\/colombia-mayor-gobierno-nacional-garantiza-entrega-del-septimo-ciclo\\\/\"},\"author\":{\"name\":\"Redacci\u00f3n Caribe Radio Online\",\"@id\":\"https:\\\/\\\/cariberadionline.com\\\/portal\\\/#\\\/schema\\\/person\\\/4e2259c4f95c83cd6f873b036e9dbde4\"},\"headline\":\"Colombia Mayor: Gobierno nacional garantiza entrega del S\u00e9ptimo Ciclo\",\"datePublished\":\"2026-08-31T12:04:34+00:00\",\"mainEntityOfPage\":{\"@id\":\"https:\\\/\\\/cariberadionline.com\\\/portal\\\/colombia-mayor-gobierno-nacional-garantiza-entrega-del-septimo-ciclo\\\/\"},\"wordCount\":572,\"publisher\":{\"@id\":\"https:\\\/\\\/cariberadionline.com\\\/portal\\\/#organization\"},\"image\":{\"@id\":\"https:\\\/\\\/cariberadionline.com\\\/portal\\\/colombia-mayor-gobierno-nacional-garantiza-entrega-del-septimo-ciclo\\\/#primaryimage\"},\"thumbnailUrl\":\"https:\\\/\\\/i0.wp.com\\\/cariberadionline.com\\\/portal\\\/wp-content\\\/uploads\\\/2026\\\/08\\\/Colombia-mayor-garantia-septimo-ciclo-1-1-576x1024-1.jpeg?fit=576%2C1024&ssl=1\",\"articleSection\":[\"Noticias\"],\"inLanguage\":\"es-CO\"},{\"@type\":\"WebPage\",\"@id\":\"https:\\\/\\\/cariberadionline.com\\\/portal\\\/colombia-mayor-gobierno-nacional-garantiza-entrega-del-septimo-ciclo\\\/\",\"url\":\"https:\\\/\\\/cariberadionline.com\\\/portal\\\/colombia-mayor-gobierno-nacional-garantiza-entrega-del-septimo-ciclo\\\/\",\"name\":\"Colombia Mayor: Gobierno nacional garantiza entrega del S\u00e9ptimo Ciclo | Caribe Radio Online\",\"isPartOf\":{\"@id\":\"https:\\\/\\\/cariberadionline.com\\\/portal\\\/#website\"},\"primaryImageOfPage\":{\"@id\":\"https:\\\/\\\/cariberadionline.com\\\/portal\\\/colombia-mayor-gobierno-nacional-garantiza-entrega-del-septimo-ciclo\\\/#primaryimage\"},\"image\":{\"@id\":\"https:\\\/\\\/cariberadionline.com\\\/portal\\\/colombia-mayor-gobierno-nacional-garantiza-entrega-del-septimo-ciclo\\\/#primaryimage\"},\"thumbnailUrl\":\"https:\\\/\\\/i0.wp.com\\\/cariberadionline.com\\\/portal\\\/wp-content\\\/uploads\\\/2026\\\/08\\\/Colombia-mayor-garantia-septimo-ciclo-1-1-576x1024-1.jpeg?fit=576%2C1024&ssl=1\",\"datePublished\":\"2026-08-31T12:04:34+00:00\",\"breadcrumb\":{\"@id\":\"https:\\\/\\\/cariberadionline.com\\\/portal\\\/colombia-mayor-gobierno-nacional-garantiza-entrega-del-septimo-ciclo\\\/#breadcrumb\"},\"inLanguage\":\"es-CO\",\"potentialAction\":[{\"@type\":\"ReadAction\",\"target\":[\"https:\\\/\\\/cariberadionline.com\\\/portal\\\/colombia-mayor-gobierno-nacional-garantiza-entrega-del-septimo-ciclo\\\/\"]}]},{\"@type\":\"ImageObject\",\"inLanguage\":\"es-CO\",\"@id\":\"https:\\\/\\\/cariberadionline.com\\\/portal\\\/colombia-mayor-gobierno-nacional-garantiza-entrega-del-septimo-ciclo\\\/#primaryimage\",\"url\":\"https:\\\/\\\/i0.wp.com\\\/cariberadionline.com\\\/portal\\\/wp-content\\\/uploads\\\/2026\\\/08\\\/Colombia-mayor-garantia-septimo-ciclo-1-1-576x1024-1.jpeg?fit=576%2C1024&ssl=1\",\"contentUrl\":\"https:\\\/\\\/i0.wp.com\\\/cariberadionline.com\\\/portal\\\/wp-content\\\/uploads\\\/2026\\\/08\\\/Colombia-mayor-garantia-septimo-ciclo-1-1-576x1024-1.jpeg?fit=576%2C1024&ssl=1\",\"width\":576,\"height\":1024},{\"@type\":\"BreadcrumbList\",\"@id\":\"https:\\\/\\\/cariberadionline.com\\\/portal\\\/colombia-mayor-gobierno-nacional-garantiza-entrega-del-septimo-ciclo\\\/#breadcrumb\",\"itemListElement\":[{\"@type\":\"ListItem\",\"position\":1,\"name\":\"Home\",\"item\":\"https:\\\/\\\/cariberadionline.com\\\/portal\\\/\"},{\"@type\":\"ListItem\",\"position\":2,\"name\":\"Colombia Mayor: Gobierno nacional garantiza entrega del S\u00e9ptimo Ciclo\"}]},{\"@type\":\"WebSite\",\"@id\":\"https:\\\/\\\/cariberadionline.com\\\/portal\\\/#website\",\"url\":\"https:\\\/\\\/cariberadionline.com\\\/portal\\\/\",\"name\":\"Caribe Radio Online\",\"description\":\"La Radio del Futuro\",\"publisher\":{\"@id\":\"https:\\\/\\\/cariberadionline.com\\\/portal\\\/#organization\"},\"potentialAction\":[{\"@type\":\"SearchAction\",\"target\":{\"@type\":\"EntryPoint\",\"urlTemplate\":\"https:\\\/\\\/cariberadionline.com\\\/portal\\\/?s={search_term_string}\"},\"query-input\":{\"@type\":\"PropertyValueSpecification\",\"valueRequired\":true,\"valueName\":\"search_term_string\"}}],\"inLanguage\":\"es-CO\"},{\"@type\":\"Organization\",\"@id\":\"https:\\\/\\\/cariberadionline.com\\\/portal\\\/#organization\",\"name\":\"Caribe Radio Online\",\"url\":\"https:\\\/\\\/cariberadionline.com\\\/portal\\\/\",\"logo\":{\"@type\":\"ImageObject\",\"inLanguage\":\"es-CO\",\"@id\":\"https:\\\/\\\/cariberadionline.com\\\/portal\\\/#\\\/schema\\\/logo\\\/image\\\/\",\"url\":\"https:\\\/\\\/i0.wp.com\\\/cariberadionline.com\\\/portal\\\/wp-content\\\/uploads\\\/2020\\\/12\\\/cropped-logo-transparente.png?fit=1789%2C1087&ssl=1\",\"contentUrl\":\"https:\\\/\\\/i0.wp.com\\\/cariberadionline.com\\\/portal\\\/wp-content\\\/uploads\\\/2020\\\/12\\\/cropped-logo-transparente.png?fit=1789%2C1087&ssl=1\",\"width\":1789,\"height\":1087,\"caption\":\"Caribe Radio Online\"},\"image\":{\"@id\":\"https:\\\/\\\/cariberadionline.com\\\/portal\\\/#\\\/schema\\\/logo\\\/image\\\/\"}},{\"@type\":\"Person\",\"@id\":\"https:\\\/\\\/cariberadionline.com\\\/portal\\\/#\\\/schema\\\/person\\\/4e2259c4f95c83cd6f873b036e9dbde4\",\"name\":\"Redacci\u00f3n Caribe Radio Online\",\"image\":{\"@type\":\"ImageObject\",\"inLanguage\":\"es-CO\",\"@id\":\"https:\\\/\\\/secure.gravatar.com\\\/avatar\\\/9abd2c1253ecf424c4360ce3e8a4d8630e5fa062ca5fd485c685376c7f5157d2?s=96&d=mm&r=g\",\"url\":\"https:\\\/\\\/secure.gravatar.com\\\/avatar\\\/9abd2c1253ecf424c4360ce3e8a4d8630e5fa062ca5fd485c685376c7f5157d2?s=96&d=mm&r=g\",\"contentUrl\":\"https:\\\/\\\/secure.gravatar.com\\\/avatar\\\/9abd2c1253ecf424c4360ce3e8a4d8630e5fa062ca5fd485c685376c7f5157d2?s=96&d=mm&r=g\",\"caption\":\"Redacci\u00f3n Caribe Radio Online\"}}]}<\/script>\n<!-- \/ Yoast SEO plugin. -->","yoast_head_json":{"title":"Colombia Mayor: Gobierno nacional garantiza entrega del S\u00e9ptimo Ciclo | Caribe Radio Online","robots":{"index":"index","follow":"follow","max-snippet":"max-snippet:-1","max-image-preview":"max-image-preview:large","max-video-preview":"max-video-preview:-1"},"canonical":"https:\/\/cariberadionline.com\/portal\/colombia-mayor-gobierno-nacional-garantiza-entrega-del-septimo-ciclo\/","og_locale":"es_ES","og_type":"article","og_title":"Colombia Mayor: Gobierno nacional garantiza entrega del S\u00e9ptimo Ciclo | Caribe Radio Online","og_description":"Cumpliendo el compromiso del se\u00f1or presidente Abelardo De La Espriella, cerca de 3 millones de","og_url":"https:\/\/cariberadionline.com\/portal\/colombia-mayor-gobierno-nacional-garantiza-entrega-del-septimo-ciclo\/","og_site_name":"Caribe Radio Online","article_published_time":"2026-08-31T12:04:34+00:00","og_image":[{"width":576,"height":1024,"url":"https:\/\/cariberadionline.com\/portal\/wp-content\/uploads\/2026\/08\/Colombia-mayor-garantia-septimo-ciclo-1-1-576x1024-1.jpeg","type":"image\/jpeg"}],"author":"Redacci\u00f3n Caribe Radio Online","twitter_card":"summary_large_image","twitter_misc":{"Escrito por":"Redacci\u00f3n Caribe Radio Online","Tiempo de lectura":"4 minutos"},"schema":{"@context":"https:\/\/schema.org","@graph":[{"@type":"Article","@id":"https:\/\/cariberadionline.com\/portal\/colombia-mayor-gobierno-nacional-garantiza-entrega-del-septimo-ciclo\/#article","isPartOf":{"@id":"https:\/\/cariberadionline.com\/portal\/colombia-mayor-gobierno-nacional-garantiza-entrega-del-septimo-ciclo\/"},"author":{"name":"Redacci\u00f3n Caribe Radio Online","@id":"https:\/\/cariberadionline.com\/portal\/#\/schema\/person\/4e2259c4f95c83cd6f873b036e9dbde4"},"headline":"Colombia Mayor: Gobierno nacional garantiza entrega del S\u00e9ptimo Ciclo","datePublished":"2026-08-31T12:04:34+00:00","mainEntityOfPage":{"@id":"https:\/\/cariberadionline.com\/portal\/colombia-mayor-gobierno-nacional-garantiza-entrega-del-septimo-ciclo\/"},"wordCount":572,"publisher":{"@id":"https:\/\/cariberadionline.com\/portal\/#organization"},"image":{"@id":"https:\/\/cariberadionline.com\/portal\/colombia-mayor-gobierno-nacional-garantiza-entrega-del-septimo-ciclo\/#primaryimage"},"thumbnailUrl":"https:\/\/i0.wp.com\/cariberadionline.com\/portal\/wp-content\/uploads\/2026\/08\/Colombia-mayor-garantia-septimo-ciclo-1-1-576x1024-1.jpeg?fit=576%2C1024&ssl=1","articleSection":["Noticias"],"inLanguage":"es-CO"},{"@type":"WebPage","@id":"https:\/\/cariberadionline.com\/portal\/colombia-mayor-gobierno-nacional-garantiza-entrega-del-septimo-ciclo\/","url":"https:\/\/cariberadionline.com\/portal\/colombia-mayor-gobierno-nacional-garantiza-entrega-del-septimo-ciclo\/","name":"Colombia Mayor: Gobierno nacional garantiza entrega del S\u00e9ptimo Ciclo | Caribe Radio Online","isPartOf":{"@id":"https:\/\/cariberadionline.com\/portal\/#website"},"primaryImageOfPage":{"@id":"https:\/\/cariberadionline.com\/portal\/colombia-mayor-gobierno-nacional-garantiza-entrega-del-septimo-ciclo\/#primaryimage"},"image":{"@id":"https:\/\/cariberadionline.com\/portal\/colombia-mayor-gobierno-nacional-garantiza-entrega-del-septimo-ciclo\/#primaryimage"},"thumbnailUrl":"https:\/\/i0.wp.com\/cariberadionline.com\/portal\/wp-content\/uploads\/2026\/08\/Colombia-mayor-garantia-septimo-ciclo-1-1-576x1024-1.jpeg?fit=576%2C1024&ssl=1","datePublished":"2026-08-31T12:04:34+00:00","breadcrumb":{"@id":"https:\/\/cariberadionline.com\/portal\/colombia-mayor-gobierno-nacional-garantiza-entrega-del-septimo-ciclo\/#breadcrumb"},"inLanguage":"es-CO","potentialAction":[{"@type":"ReadAction","target":["https:\/\/cariberadionline.com\/portal\/colombia-mayor-gobierno-nacional-garantiza-entrega-del-septimo-ciclo\/"]}]},{"@type":"ImageObject","inLanguage":"es-CO","@id":"https:\/\/cariberadionline.com\/portal\/colombia-mayor-gobierno-nacional-garantiza-entrega-del-septimo-ciclo\/#primaryimage","url":"https:\/\/i0.wp.com\/cariberadionline.com\/portal\/wp-content\/uploads\/2026\/08\/Colombia-mayor-garantia-septimo-ciclo-1-1-576x1024-1.jpeg?fit=576%2C1024&ssl=1","contentUrl":"https:\/\/i0.wp.com\/cariberadionline.com\/portal\/wp-content\/uploads\/2026\/08\/Colombia-mayor-garantia-septimo-ciclo-1-1-576x1024-1.jpeg?fit=576%2C1024&ssl=1","width":576,"height":1024},{"@type":"BreadcrumbList","@id":"https:\/\/cariberadionline.com\/portal\/colombia-mayor-gobierno-nacional-garantiza-entrega-del-septimo-ciclo\/#breadcrumb","itemListElement":[{"@type":"ListItem","position":1,"name":"Home","item":"https:\/\/cariberadionline.com\/portal\/"},{"@type":"ListItem","position":2,"name":"Colombia Mayor: Gobierno nacional garantiza entrega del S\u00e9ptimo Ciclo"}]},{"@type":"WebSite","@id":"https:\/\/cariberadionline.com\/portal\/#website","url":"https:\/\/cariberadionline.com\/portal\/","name":"Caribe Radio Online","description":"La Radio del Futuro","publisher":{"@id":"https:\/\/cariberadionline.com\/portal\/#organization"},"potentialAction":[{"@type":"SearchAction","target":{"@type":"EntryPoint","urlTemplate":"https:\/\/cariberadionline.com\/portal\/?s={search_term_string}"},"query-input":{"@type":"PropertyValueSpecification","valueRequired":true,"valueName":"search_term_string"}}],"inLanguage":"es-CO"},{"@type":"Organization","@id":"https:\/\/cariberadionline.com\/portal\/#organization","name":"Caribe Radio Online","url":"https:\/\/cariberadionline.com\/portal\/","logo":{"@type":"ImageObject","inLanguage":"es-CO","@id":"https:\/\/cariberadionline.com\/portal\/#\/schema\/logo\/image\/","url":"https:\/\/i0.wp.com\/cariberadionline.com\/portal\/wp-content\/uploads\/2020\/12\/cropped-logo-transparente.png?fit=1789%2C1087&ssl=1","contentUrl":"https:\/\/i0.wp.com\/cariberadionline.com\/portal\/wp-content\/uploads\/2020\/12\/cropped-logo-transparente.png?fit=1789%2C1087&ssl=1","width":1789,"height":1087,"caption":"Caribe Radio Online"},"image":{"@id":"https:\/\/cariberadionline.com\/portal\/#\/schema\/logo\/image\/"}},{"@type":"Person","@id":"https:\/\/cariberadionline.com\/portal\/#\/schema\/person\/4e2259c4f95c83cd6f873b036e9dbde4","name":"Redacci\u00f3n Caribe Radio Online","image":{"@type":"ImageObject","inLanguage":"es-CO","@id":"https:\/\/secure.gravatar.com\/avatar\/9abd2c1253ecf424c4360ce3e8a4d8630e5fa062ca5fd485c685376c7f5157d2?s=96&d=mm&r=g","url":"https:\/\/secure.gravatar.com\/avatar\/9abd2c1253ecf424c4360ce3e8a4d8630e5fa062ca5fd485c685376c7f5157d2?s=96&d=mm&r=g","contentUrl":"https:\/\/secure.gravatar.com\/avatar\/9abd2c1253ecf424c4360ce3e8a4d8630e5fa062ca5fd485c685376c7f5157d2?s=96&d=mm&r=g","caption":"Redacci\u00f3n Caribe Radio Online"}}]}},"jetpack-related-posts":[],"jetpack_sharing_enabled":true,"jetpack_featured_media_url":"https:\/\/i0.wp.com\/cariberadionline.com\/portal\/wp-content\/uploads\/2026\/08\/Colombia-mayor-garantia-septimo-ciclo-1-1-576x1024-1.jpeg?fit=576%2C1024&ssl=1","_links":{"self":[{"href":"https:\/\/cariberadionline.com\/portal\/wp-json\/wp\/v2\/posts\/14880","targetHints":{"allow":["GET"]}}],"collection":[{"href":"https:\/\/cariberadionline.com\/portal\/wp-json\/wp\/v2\/posts"}],"about":[{"href":"https:\/\/cariberadionline.com\/portal\/wp-json\/wp\/v2\/types\/post"}],"author":[{"embeddable":true,"href":"https:\/\/cariberadionline.com\/portal\/wp-json\/wp\/v2\/users\/2"}],"replies":[{"embeddable":true,"href":"https:\/\/cariberadionline.com\/portal\/wp-json\/wp\/v2\/comments?post=14880"}],"version-history":[{"count":1,"href":"https:\/\/cariberadionline.com\/portal\/wp-json\/wp\/v2\/posts\/14880\/revisions"}],"predecessor-version":[{"id":14885,"href":"https:\/\/cariberadionline.com\/portal\/wp-json\/wp\/v2\/posts\/14880\/revisions\/14885"}],"wp:featuredmedia":[{"embeddable":true,"href":"https:\/\/cariberadionline.com\/portal\/wp-json\/wp\/v2\/media\/14884"}],"wp:attachment":[{"href":"https:\/\/cariberadionline.com\/portal\/wp-json\/wp\/v2\/media?parent=14880"}],"wp:term":[{"taxonomy":"category","embeddable":true,"href":"https:\/\/cariberadionline.com\/portal\/wp-json\/wp\/v2\/categories?post=14880"},{"taxonomy":"post_tag","embeddable":true,"href":"https:\/\/cariberadionline.com\/portal\/wp-json\/wp\/v2\/tags?post=14880"}],"curies":[{"name":"wp","href":"https:\/\/api.w.org\/{rel}","templated":true}]}}