{"id":14889,"date":"2026-08-31T07:27:33","date_gmt":"2026-08-31T12:27:33","guid":{"rendered":"https:\/\/cariberadionline.com\/portal\/?p=14889"},"modified":"2026-08-31T07:27:33","modified_gmt":"2026-08-31T12:27:33","slug":"barranquilla-marca-un-nuevo-hito-educativo-con-su-primer-curriculo-de-ingles","status":"publish","type":"post","link":"https:\/\/cariberadionline.com\/portal\/barranquilla-marca-un-nuevo-hito-educativo-con-su-primer-curriculo-de-ingles\/","title":{"rendered":"Barranquilla marca un nuevo hito educativo con su primer curr\u00edculo de ingl\u00e9s"},"content":{"rendered":"<p><em><strong>Su implementaci\u00f3n consolida la pol\u00edtica p\u00fablica Barranquilla Biling\u00fce 2023-2030, que en tres a\u00f1os ha beneficiado a 155.000 estudiantes y 4.066 docentes y ha llegado al 100 % de las instituciones educativas oficiales.<\/strong><\/em><\/p>\n<p>&nbsp;<\/p>\n<p>Barranquilla dio un nuevo paso en la transformaci\u00f3n de su educaci\u00f3n con el lanzamiento de una herramienta dise\u00f1ada para orientar, de manera progresiva, la ense\u00f1anza y el aprendizaje del ingl\u00e9s desde transici\u00f3n hasta grado 11 en los colegios oficiales.<\/p>\n<p>Se trata del primer curr\u00edculo propio de ingl\u00e9s, BAQ English Curriculum, el cual fue desarrollado por la Alcald\u00eda Distrital, en articulaci\u00f3n con el British Council, y cont\u00f3 con la participaci\u00f3n de docentes y expertos nacionales e internacionales.<\/p>\n<p>\u201cEn Barranquilla trabajamos sin descanso por brindar una educaci\u00f3n p\u00fablica de calidad y competente para nuestros ni\u00f1os y j\u00f3venes. Esta nueva herramienta va a afianzar a\u00fan m\u00e1s las habilidades en el idioma ingl\u00e9s en toda la comunidad educativa, traspasando fronteras del conocimiento y llevando nuestro modelo educativo a otro nivel\u201d, detall\u00f3 el alcalde de Barranquilla, Alejandro Char.<\/p>\n<div style=\"width: 640px;\" class=\"wp-video\"><video class=\"wp-video-shortcode\" id=\"video-14889-1\" width=\"640\" height=\"357\" preload=\"metadata\" controls=\"controls\"><source type=\"video\/mp4\" src=\"https:\/\/cariberadionline.com\/portal\/wp-content\/uploads\/2026\/08\/WhatsApp-Video-2026-08-25-at-2.54.05-PM-1.mp4?_=1\" \/><a href=\"https:\/\/cariberadionline.com\/portal\/wp-content\/uploads\/2026\/08\/WhatsApp-Video-2026-08-25-at-2.54.05-PM-1.mp4\">https:\/\/cariberadionline.com\/portal\/wp-content\/uploads\/2026\/08\/WhatsApp-Video-2026-08-25-at-2.54.05-PM-1.mp4<\/a><\/video><\/div>\n<p>&nbsp;<\/p>\n<p>Su construcci\u00f3n responde al contexto educativo de la ciudad para guiar las competencias comunicativas escolares a largo plazo, y su lanzamiento cont\u00f3 con la participaci\u00f3n de rectores de las 156 instituciones oficiales, docentes de ingl\u00e9s, Curriculum Champions (docentes exaltados), estudiantes y otros actores clave del ecosistema biling\u00fce.<\/p>\n<p>Con esta nueva herramienta, Barranquilla fortalece la implementaci\u00f3n de la pol\u00edtica p\u00fablica Barranquilla Biling\u00fce 2023-2030 y avanza en la consolidaci\u00f3n de un modelo de biling\u00fcismo con visi\u00f3n de largo plazo.<\/p>\n<p><strong>Una ruta propia para aprender ingl\u00e9s<\/strong><\/p>\n<p>El BAQ English Curriculum establece una ruta de aprendizaje alineada con el Marco Com\u00fan Europeo de Referencia, que inicia en el nivel A0 entre Transici\u00f3n y 2\u00ba grado, y progresa continuamente hasta alcanzar B2.1 en 11\u00ba grado. Dise\u00f1ado a partir de cuatro ejes \u2014salud y vida, medioambiente, convivencia y paz, y ciudadan\u00eda global\u2014, el curr\u00edculo integra aprendizaje por proyectos, habilidades para la vida y competencia intercultural, combinando est\u00e1ndares internacionales con el contexto y las necesidades locales de Barranquilla.<\/p>\n<p>Para su implementaci\u00f3n, la estructura cuenta con 9 syllabus, 36 mallas curriculares, 72 planeaciones de clase y herramientas de evaluaci\u00f3n continua. Esta propuesta es el resultado del trabajo conjunto entre docentes locales y especialistas nacionales e internacionales, destacando la participaci\u00f3n de 110 instituciones educativas oficiales y 128 profesores l\u00edderes, conocidos como Curriculum Champions, quienes guiar\u00e1n la adopci\u00f3n del modelo en las aulas.<\/p>\n<p>La experiencia de los maestros de Barranquilla se integr\u00f3 con el acompa\u00f1amiento t\u00e9cnico de especialistas nacionales e internacionales para definir una ruta pertinente y aplicable en las aulas, donde participaron 110 IED y 128 docentes l\u00edderes, denominados Curriculum Champions.<br \/>\nLa secretaria distrital de Educaci\u00f3n, Paola Amar, se\u00f1al\u00f3 que este nuevo avance recoge varios a\u00f1os de trabajo orientados a generar capacidades permanentes dentro del sistema educativo oficial.<\/p>\n<p>\u201cBajo el liderazgo del alcalde Alejandro Char, la ciudad implementa un curr\u00edculo de ingl\u00e9s de Transici\u00f3n a 11\u00ba, dise\u00f1ado junto a docentes y expertos. Esta es una ruta clara que busca garantizar el aprendizaje continuo del idioma para abrir nuevas oportunidades y conectar a los estudiantes con el mundo\u201d, expres\u00f3 Amar.<\/p>\n<p>Por su parte, Felipe Villar, director del British Council, destac\u00f3 que el nuevo curr\u00edculo responde a dos preguntas esenciales: qu\u00e9 se quiere que aprendan los estudiantes y c\u00f3mo acompa\u00f1arlos para lograrlo:\u201cQueremos una ciudad donde el ingl\u00e9s no sea un adorno, sino una herramienta para aprender m\u00e1s, comunicarse mejor, ampliar horizontes y acceder a nuevas oportunidades\u201d.<\/p>\n<p>A su turno, Alexandra Knapton, embajadora adjunta del Reino Unido, resalt\u00f3 la capacidad de Barranquilla para convertir apuestas ambiciosas en iniciativas concretas y se\u00f1al\u00f3 que el camino que ha recorrido Barranquilla por avanzar hacia el biling\u00fcismo a 2030 constituye uno de los ejemplos m\u00e1s representativos de cooperaci\u00f3n entre el Reino Unido y Colombia: \u201cBarranquilla es una ciudad que se mueve, que piensa en grande y que ha aprendido a convertir ideas ambiciosas en realidades\u201d, expres\u00f3 Knapton, quien adem\u00e1s destac\u00f3 el valor de llevar el nuevo curr\u00edculo a las aulas como parte de esta visi\u00f3n educativa.<\/p>\n<p><strong>Una pol\u00edtica de biling\u00fcismo que muestra resultados<\/strong><\/p>\n<p>El nuevo curr\u00edculo hace parte de la Pol\u00edtica P\u00fablica Barranquilla Biling\u00fce 2023-2030, la primera de este tipo en el pa\u00eds, respaldada con m\u00e1s de $80.000 millones y desarrollada mediante un convenio de cooperaci\u00f3n internacional entre la Alcald\u00eda de Barranquilla y el British Council.<\/p>\n<p>La ciudad ha alcanzado una cobertura del 100 % en sus instituciones educativas oficiales, beneficiando a 155.000 estudiantes y 4.066 docentes. Este plan ya registra avances destacados en las Pruebas Saber, reduciendo en 21 puntos la cifra de alumnos en el nivel m\u00e1s bajo de ingl\u00e9s y ubicando al 15 % en niveles B1 y B+, por encima de ciudades como Bogot\u00e1, Cali y Medell\u00edn. Asimismo, la capital del Atl\u00e1ntico consolida su liderazgo educativo con tres colegios oficiales biling\u00fces reconocidos en categor\u00eda A+.<\/p>\n<p>Con el lanzamiento del BAQ English Curriculum, que establece una ruta clara desde Transici\u00f3n hasta grado 11, Barranquilla busca articular el dominio del idioma con la ciencia, la tecnolog\u00eda, la innovaci\u00f3n y el emprendimiento. La estrategia resalta la labor de los docentes e impulsa la figura de los Curriculum Champions para liderar esta transformaci\u00f3n en las aulas. De esta manera, el programa busca potenciar las competencias de los ni\u00f1os y j\u00f3venes, garantizando que el ingl\u00e9s sea una herramienta transversal que facilite el acceso al conocimiento y les abra nuevas oportunidades internacionales.<\/p>\n","protected":false},"excerpt":{"rendered":"<p>Su implementaci\u00f3n consolida la pol\u00edtica p\u00fablica Barranquilla Biling\u00fce 2023-2030, que en tres a\u00f1os ha beneficiado<\/p>\n","protected":false},"author":2,"featured_media":14890,"comment_status":"closed","ping_status":"closed","sticky":false,"template":"","format":"standard","meta":{"_jetpack_newsletter_access":"","_jetpack_dont_email_post_to_subs":false,"_jetpack_newsletter_tier_id":0,"_jetpack_memberships_contains_paywalled_content":false,"_jetpack_feature_clip_id":0,"_jetpack_memberships_contains_paid_content":false,"footnotes":"","jetpack_post_was_ever_published":false},"categories":[223],"tags":[],"class_list":["post-14889","post","type-post","status-publish","format-standard","has-post-thumbnail","hentry","category-noticias"],"yoast_head":"<!-- This site is optimized with the Yoast SEO plugin v28.3 - https:\/\/yoast.com\/product\/yoast-seo-wordpress\/ -->\n<title>Barranquilla marca un nuevo hito educativo con su primer curr\u00edculo de ingl\u00e9s | Caribe Radio Online<\/title>\n<meta name=\"robots\" content=\"index, follow, max-snippet:-1, max-image-preview:large, max-video-preview:-1\" \/>\n<link rel=\"canonical\" href=\"https:\/\/cariberadionline.com\/portal\/barranquilla-marca-un-nuevo-hito-educativo-con-su-primer-curriculo-de-ingles\/\" \/>\n<meta property=\"og:locale\" content=\"es_ES\" \/>\n<meta property=\"og:type\" content=\"article\" \/>\n<meta property=\"og:title\" content=\"Barranquilla marca un nuevo hito educativo con su primer curr\u00edculo de ingl\u00e9s | Caribe Radio Online\" \/>\n<meta property=\"og:description\" content=\"Su implementaci\u00f3n consolida la pol\u00edtica p\u00fablica Barranquilla Biling\u00fce 2023-2030, que en tres a\u00f1os ha beneficiado\" \/>\n<meta property=\"og:url\" content=\"https:\/\/cariberadionline.com\/portal\/barranquilla-marca-un-nuevo-hito-educativo-con-su-primer-curriculo-de-ingles\/\" \/>\n<meta property=\"og:site_name\" content=\"Caribe Radio Online\" \/>\n<meta property=\"article:published_time\" content=\"2026-08-31T12:27:33+00:00\" \/>\n<meta property=\"og:image\" content=\"https:\/\/cariberadionline.com\/portal\/wp-content\/uploads\/2026\/08\/Curriculum-Ingles-1.jpeg\" \/>\n\t<meta property=\"og:image:width\" content=\"1280\" \/>\n\t<meta property=\"og:image:height\" content=\"960\" \/>\n\t<meta property=\"og:image:type\" content=\"image\/jpeg\" \/>\n<meta name=\"author\" content=\"Redacci\u00f3n Caribe Radio Online\" \/>\n<meta name=\"twitter:card\" content=\"summary_large_image\" \/>\n<meta name=\"twitter:label1\" content=\"Escrito por\" \/>\n\t<meta name=\"twitter:data1\" content=\"Redacci\u00f3n Caribe Radio Online\" \/>\n\t<meta name=\"twitter:label2\" content=\"Tiempo de lectura\" \/>\n\t<meta name=\"twitter:data2\" content=\"5 minutos\" \/>\n<script type=\"application\/ld+json\" class=\"yoast-schema-graph\">{\"@context\":\"https:\\\/\\\/schema.org\",\"@graph\":[{\"@type\":\"Article\",\"@id\":\"https:\\\/\\\/cariberadionline.com\\\/portal\\\/barranquilla-marca-un-nuevo-hito-educativo-con-su-primer-curriculo-de-ingles\\\/#article\",\"isPartOf\":{\"@id\":\"https:\\\/\\\/cariberadionline.com\\\/portal\\\/barranquilla-marca-un-nuevo-hito-educativo-con-su-primer-curriculo-de-ingles\\\/\"},\"author\":{\"name\":\"Redacci\u00f3n Caribe Radio Online\",\"@id\":\"https:\\\/\\\/cariberadionline.com\\\/portal\\\/#\\\/schema\\\/person\\\/4e2259c4f95c83cd6f873b036e9dbde4\"},\"headline\":\"Barranquilla marca un nuevo hito educativo con su primer curr\u00edculo de ingl\u00e9s\",\"datePublished\":\"2026-08-31T12:27:33+00:00\",\"mainEntityOfPage\":{\"@id\":\"https:\\\/\\\/cariberadionline.com\\\/portal\\\/barranquilla-marca-un-nuevo-hito-educativo-con-su-primer-curriculo-de-ingles\\\/\"},\"wordCount\":979,\"publisher\":{\"@id\":\"https:\\\/\\\/cariberadionline.com\\\/portal\\\/#organization\"},\"image\":{\"@id\":\"https:\\\/\\\/cariberadionline.com\\\/portal\\\/barranquilla-marca-un-nuevo-hito-educativo-con-su-primer-curriculo-de-ingles\\\/#primaryimage\"},\"thumbnailUrl\":\"https:\\\/\\\/i0.wp.com\\\/cariberadionline.com\\\/portal\\\/wp-content\\\/uploads\\\/2026\\\/08\\\/Curriculum-Ingles-1.jpeg?fit=1280%2C960&ssl=1\",\"articleSection\":[\"Noticias\"],\"inLanguage\":\"es-CO\"},{\"@type\":\"WebPage\",\"@id\":\"https:\\\/\\\/cariberadionline.com\\\/portal\\\/barranquilla-marca-un-nuevo-hito-educativo-con-su-primer-curriculo-de-ingles\\\/\",\"url\":\"https:\\\/\\\/cariberadionline.com\\\/portal\\\/barranquilla-marca-un-nuevo-hito-educativo-con-su-primer-curriculo-de-ingles\\\/\",\"name\":\"Barranquilla marca un nuevo hito educativo con su primer curr\u00edculo de ingl\u00e9s | Caribe Radio Online\",\"isPartOf\":{\"@id\":\"https:\\\/\\\/cariberadionline.com\\\/portal\\\/#website\"},\"primaryImageOfPage\":{\"@id\":\"https:\\\/\\\/cariberadionline.com\\\/portal\\\/barranquilla-marca-un-nuevo-hito-educativo-con-su-primer-curriculo-de-ingles\\\/#primaryimage\"},\"image\":{\"@id\":\"https:\\\/\\\/cariberadionline.com\\\/portal\\\/barranquilla-marca-un-nuevo-hito-educativo-con-su-primer-curriculo-de-ingles\\\/#primaryimage\"},\"thumbnailUrl\":\"https:\\\/\\\/i0.wp.com\\\/cariberadionline.com\\\/portal\\\/wp-content\\\/uploads\\\/2026\\\/08\\\/Curriculum-Ingles-1.jpeg?fit=1280%2C960&ssl=1\",\"datePublished\":\"2026-08-31T12:27:33+00:00\",\"breadcrumb\":{\"@id\":\"https:\\\/\\\/cariberadionline.com\\\/portal\\\/barranquilla-marca-un-nuevo-hito-educativo-con-su-primer-curriculo-de-ingles\\\/#breadcrumb\"},\"inLanguage\":\"es-CO\",\"potentialAction\":[{\"@type\":\"ReadAction\",\"target\":[\"https:\\\/\\\/cariberadionline.com\\\/portal\\\/barranquilla-marca-un-nuevo-hito-educativo-con-su-primer-curriculo-de-ingles\\\/\"]}]},{\"@type\":\"ImageObject\",\"inLanguage\":\"es-CO\",\"@id\":\"https:\\\/\\\/cariberadionline.com\\\/portal\\\/barranquilla-marca-un-nuevo-hito-educativo-con-su-primer-curriculo-de-ingles\\\/#primaryimage\",\"url\":\"https:\\\/\\\/i0.wp.com\\\/cariberadionline.com\\\/portal\\\/wp-content\\\/uploads\\\/2026\\\/08\\\/Curriculum-Ingles-1.jpeg?fit=1280%2C960&ssl=1\",\"contentUrl\":\"https:\\\/\\\/i0.wp.com\\\/cariberadionline.com\\\/portal\\\/wp-content\\\/uploads\\\/2026\\\/08\\\/Curriculum-Ingles-1.jpeg?fit=1280%2C960&ssl=1\",\"width\":1280,\"height\":960},{\"@type\":\"BreadcrumbList\",\"@id\":\"https:\\\/\\\/cariberadionline.com\\\/portal\\\/barranquilla-marca-un-nuevo-hito-educativo-con-su-primer-curriculo-de-ingles\\\/#breadcrumb\",\"itemListElement\":[{\"@type\":\"ListItem\",\"position\":1,\"name\":\"Home\",\"item\":\"https:\\\/\\\/cariberadionline.com\\\/portal\\\/\"},{\"@type\":\"ListItem\",\"position\":2,\"name\":\"Barranquilla marca un nuevo hito educativo con su primer curr\u00edculo de ingl\u00e9s\"}]},{\"@type\":\"WebSite\",\"@id\":\"https:\\\/\\\/cariberadionline.com\\\/portal\\\/#website\",\"url\":\"https:\\\/\\\/cariberadionline.com\\\/portal\\\/\",\"name\":\"Caribe Radio Online\",\"description\":\"La Radio del Futuro\",\"publisher\":{\"@id\":\"https:\\\/\\\/cariberadionline.com\\\/portal\\\/#organization\"},\"potentialAction\":[{\"@type\":\"SearchAction\",\"target\":{\"@type\":\"EntryPoint\",\"urlTemplate\":\"https:\\\/\\\/cariberadionline.com\\\/portal\\\/?s={search_term_string}\"},\"query-input\":{\"@type\":\"PropertyValueSpecification\",\"valueRequired\":true,\"valueName\":\"search_term_string\"}}],\"inLanguage\":\"es-CO\"},{\"@type\":\"Organization\",\"@id\":\"https:\\\/\\\/cariberadionline.com\\\/portal\\\/#organization\",\"name\":\"Caribe Radio Online\",\"url\":\"https:\\\/\\\/cariberadionline.com\\\/portal\\\/\",\"logo\":{\"@type\":\"ImageObject\",\"inLanguage\":\"es-CO\",\"@id\":\"https:\\\/\\\/cariberadionline.com\\\/portal\\\/#\\\/schema\\\/logo\\\/image\\\/\",\"url\":\"https:\\\/\\\/i0.wp.com\\\/cariberadionline.com\\\/portal\\\/wp-content\\\/uploads\\\/2020\\\/12\\\/cropped-logo-transparente.png?fit=1789%2C1087&ssl=1\",\"contentUrl\":\"https:\\\/\\\/i0.wp.com\\\/cariberadionline.com\\\/portal\\\/wp-content\\\/uploads\\\/2020\\\/12\\\/cropped-logo-transparente.png?fit=1789%2C1087&ssl=1\",\"width\":1789,\"height\":1087,\"caption\":\"Caribe Radio Online\"},\"image\":{\"@id\":\"https:\\\/\\\/cariberadionline.com\\\/portal\\\/#\\\/schema\\\/logo\\\/image\\\/\"}},{\"@type\":\"Person\",\"@id\":\"https:\\\/\\\/cariberadionline.com\\\/portal\\\/#\\\/schema\\\/person\\\/4e2259c4f95c83cd6f873b036e9dbde4\",\"name\":\"Redacci\u00f3n Caribe Radio Online\",\"image\":{\"@type\":\"ImageObject\",\"inLanguage\":\"es-CO\",\"@id\":\"https:\\\/\\\/secure.gravatar.com\\\/avatar\\\/9abd2c1253ecf424c4360ce3e8a4d8630e5fa062ca5fd485c685376c7f5157d2?s=96&d=mm&r=g\",\"url\":\"https:\\\/\\\/secure.gravatar.com\\\/avatar\\\/9abd2c1253ecf424c4360ce3e8a4d8630e5fa062ca5fd485c685376c7f5157d2?s=96&d=mm&r=g\",\"contentUrl\":\"https:\\\/\\\/secure.gravatar.com\\\/avatar\\\/9abd2c1253ecf424c4360ce3e8a4d8630e5fa062ca5fd485c685376c7f5157d2?s=96&d=mm&r=g\",\"caption\":\"Redacci\u00f3n Caribe Radio Online\"}}]}<\/script>\n<!-- \/ Yoast SEO plugin. -->","yoast_head_json":{"title":"Barranquilla marca un nuevo hito educativo con su primer curr\u00edculo de ingl\u00e9s | Caribe Radio Online","robots":{"index":"index","follow":"follow","max-snippet":"max-snippet:-1","max-image-preview":"max-image-preview:large","max-video-preview":"max-video-preview:-1"},"canonical":"https:\/\/cariberadionline.com\/portal\/barranquilla-marca-un-nuevo-hito-educativo-con-su-primer-curriculo-de-ingles\/","og_locale":"es_ES","og_type":"article","og_title":"Barranquilla marca un nuevo hito educativo con su primer curr\u00edculo de ingl\u00e9s | Caribe Radio Online","og_description":"Su implementaci\u00f3n consolida la pol\u00edtica p\u00fablica Barranquilla Biling\u00fce 2023-2030, que en tres a\u00f1os ha beneficiado","og_url":"https:\/\/cariberadionline.com\/portal\/barranquilla-marca-un-nuevo-hito-educativo-con-su-primer-curriculo-de-ingles\/","og_site_name":"Caribe Radio Online","article_published_time":"2026-08-31T12:27:33+00:00","og_image":[{"width":1280,"height":960,"url":"https:\/\/cariberadionline.com\/portal\/wp-content\/uploads\/2026\/08\/Curriculum-Ingles-1.jpeg","type":"image\/jpeg"}],"author":"Redacci\u00f3n Caribe Radio Online","twitter_card":"summary_large_image","twitter_misc":{"Escrito por":"Redacci\u00f3n Caribe Radio Online","Tiempo de lectura":"5 minutos"},"schema":{"@context":"https:\/\/schema.org","@graph":[{"@type":"Article","@id":"https:\/\/cariberadionline.com\/portal\/barranquilla-marca-un-nuevo-hito-educativo-con-su-primer-curriculo-de-ingles\/#article","isPartOf":{"@id":"https:\/\/cariberadionline.com\/portal\/barranquilla-marca-un-nuevo-hito-educativo-con-su-primer-curriculo-de-ingles\/"},"author":{"name":"Redacci\u00f3n Caribe Radio Online","@id":"https:\/\/cariberadionline.com\/portal\/#\/schema\/person\/4e2259c4f95c83cd6f873b036e9dbde4"},"headline":"Barranquilla marca un nuevo hito educativo con su primer curr\u00edculo de ingl\u00e9s","datePublished":"2026-08-31T12:27:33+00:00","mainEntityOfPage":{"@id":"https:\/\/cariberadionline.com\/portal\/barranquilla-marca-un-nuevo-hito-educativo-con-su-primer-curriculo-de-ingles\/"},"wordCount":979,"publisher":{"@id":"https:\/\/cariberadionline.com\/portal\/#organization"},"image":{"@id":"https:\/\/cariberadionline.com\/portal\/barranquilla-marca-un-nuevo-hito-educativo-con-su-primer-curriculo-de-ingles\/#primaryimage"},"thumbnailUrl":"https:\/\/i0.wp.com\/cariberadionline.com\/portal\/wp-content\/uploads\/2026\/08\/Curriculum-Ingles-1.jpeg?fit=1280%2C960&ssl=1","articleSection":["Noticias"],"inLanguage":"es-CO"},{"@type":"WebPage","@id":"https:\/\/cariberadionline.com\/portal\/barranquilla-marca-un-nuevo-hito-educativo-con-su-primer-curriculo-de-ingles\/","url":"https:\/\/cariberadionline.com\/portal\/barranquilla-marca-un-nuevo-hito-educativo-con-su-primer-curriculo-de-ingles\/","name":"Barranquilla marca un nuevo hito educativo con su primer curr\u00edculo de ingl\u00e9s | Caribe Radio Online","isPartOf":{"@id":"https:\/\/cariberadionline.com\/portal\/#website"},"primaryImageOfPage":{"@id":"https:\/\/cariberadionline.com\/portal\/barranquilla-marca-un-nuevo-hito-educativo-con-su-primer-curriculo-de-ingles\/#primaryimage"},"image":{"@id":"https:\/\/cariberadionline.com\/portal\/barranquilla-marca-un-nuevo-hito-educativo-con-su-primer-curriculo-de-ingles\/#primaryimage"},"thumbnailUrl":"https:\/\/i0.wp.com\/cariberadionline.com\/portal\/wp-content\/uploads\/2026\/08\/Curriculum-Ingles-1.jpeg?fit=1280%2C960&ssl=1","datePublished":"2026-08-31T12:27:33+00:00","breadcrumb":{"@id":"https:\/\/cariberadionline.com\/portal\/barranquilla-marca-un-nuevo-hito-educativo-con-su-primer-curriculo-de-ingles\/#breadcrumb"},"inLanguage":"es-CO","potentialAction":[{"@type":"ReadAction","target":["https:\/\/cariberadionline.com\/portal\/barranquilla-marca-un-nuevo-hito-educativo-con-su-primer-curriculo-de-ingles\/"]}]},{"@type":"ImageObject","inLanguage":"es-CO","@id":"https:\/\/cariberadionline.com\/portal\/barranquilla-marca-un-nuevo-hito-educativo-con-su-primer-curriculo-de-ingles\/#primaryimage","url":"https:\/\/i0.wp.com\/cariberadionline.com\/portal\/wp-content\/uploads\/2026\/08\/Curriculum-Ingles-1.jpeg?fit=1280%2C960&ssl=1","contentUrl":"https:\/\/i0.wp.com\/cariberadionline.com\/portal\/wp-content\/uploads\/2026\/08\/Curriculum-Ingles-1.jpeg?fit=1280%2C960&ssl=1","width":1280,"height":960},{"@type":"BreadcrumbList","@id":"https:\/\/cariberadionline.com\/portal\/barranquilla-marca-un-nuevo-hito-educativo-con-su-primer-curriculo-de-ingles\/#breadcrumb","itemListElement":[{"@type":"ListItem","position":1,"name":"Home","item":"https:\/\/cariberadionline.com\/portal\/"},{"@type":"ListItem","position":2,"name":"Barranquilla marca un nuevo hito educativo con su primer curr\u00edculo de ingl\u00e9s"}]},{"@type":"WebSite","@id":"https:\/\/cariberadionline.com\/portal\/#website","url":"https:\/\/cariberadionline.com\/portal\/","name":"Caribe Radio Online","description":"La Radio del Futuro","publisher":{"@id":"https:\/\/cariberadionline.com\/portal\/#organization"},"potentialAction":[{"@type":"SearchAction","target":{"@type":"EntryPoint","urlTemplate":"https:\/\/cariberadionline.com\/portal\/?s={search_term_string}"},"query-input":{"@type":"PropertyValueSpecification","valueRequired":true,"valueName":"search_term_string"}}],"inLanguage":"es-CO"},{"@type":"Organization","@id":"https:\/\/cariberadionline.com\/portal\/#organization","name":"Caribe Radio Online","url":"https:\/\/cariberadionline.com\/portal\/","logo":{"@type":"ImageObject","inLanguage":"es-CO","@id":"https:\/\/cariberadionline.com\/portal\/#\/schema\/logo\/image\/","url":"https:\/\/i0.wp.com\/cariberadionline.com\/portal\/wp-content\/uploads\/2020\/12\/cropped-logo-transparente.png?fit=1789%2C1087&ssl=1","contentUrl":"https:\/\/i0.wp.com\/cariberadionline.com\/portal\/wp-content\/uploads\/2020\/12\/cropped-logo-transparente.png?fit=1789%2C1087&ssl=1","width":1789,"height":1087,"caption":"Caribe Radio Online"},"image":{"@id":"https:\/\/cariberadionline.com\/portal\/#\/schema\/logo\/image\/"}},{"@type":"Person","@id":"https:\/\/cariberadionline.com\/portal\/#\/schema\/person\/4e2259c4f95c83cd6f873b036e9dbde4","name":"Redacci\u00f3n Caribe Radio Online","image":{"@type":"ImageObject","inLanguage":"es-CO","@id":"https:\/\/secure.gravatar.com\/avatar\/9abd2c1253ecf424c4360ce3e8a4d8630e5fa062ca5fd485c685376c7f5157d2?s=96&d=mm&r=g","url":"https:\/\/secure.gravatar.com\/avatar\/9abd2c1253ecf424c4360ce3e8a4d8630e5fa062ca5fd485c685376c7f5157d2?s=96&d=mm&r=g","contentUrl":"https:\/\/secure.gravatar.com\/avatar\/9abd2c1253ecf424c4360ce3e8a4d8630e5fa062ca5fd485c685376c7f5157d2?s=96&d=mm&r=g","caption":"Redacci\u00f3n Caribe Radio Online"}}]}},"jetpack-related-posts":[],"jetpack_sharing_enabled":true,"jetpack_featured_media_url":"https:\/\/i0.wp.com\/cariberadionline.com\/portal\/wp-content\/uploads\/2026\/08\/Curriculum-Ingles-1.jpeg?fit=1280%2C960&ssl=1","_links":{"self":[{"href":"https:\/\/cariberadionline.com\/portal\/wp-json\/wp\/v2\/posts\/14889","targetHints":{"allow":["GET"]}}],"collection":[{"href":"https:\/\/cariberadionline.com\/portal\/wp-json\/wp\/v2\/posts"}],"about":[{"href":"https:\/\/cariberadionline.com\/portal\/wp-json\/wp\/v2\/types\/post"}],"author":[{"embeddable":true,"href":"https:\/\/cariberadionline.com\/portal\/wp-json\/wp\/v2\/users\/2"}],"replies":[{"embeddable":true,"href":"https:\/\/cariberadionline.com\/portal\/wp-json\/wp\/v2\/comments?post=14889"}],"version-history":[{"count":1,"href":"https:\/\/cariberadionline.com\/portal\/wp-json\/wp\/v2\/posts\/14889\/revisions"}],"predecessor-version":[{"id":14892,"href":"https:\/\/cariberadionline.com\/portal\/wp-json\/wp\/v2\/posts\/14889\/revisions\/14892"}],"wp:featuredmedia":[{"embeddable":true,"href":"https:\/\/cariberadionline.com\/portal\/wp-json\/wp\/v2\/media\/14890"}],"wp:attachment":[{"href":"https:\/\/cariberadionline.com\/portal\/wp-json\/wp\/v2\/media?parent=14889"}],"wp:term":[{"taxonomy":"category","embeddable":true,"href":"https:\/\/cariberadionline.com\/portal\/wp-json\/wp\/v2\/categories?post=14889"},{"taxonomy":"post_tag","embeddable":true,"href":"https:\/\/cariberadionline.com\/portal\/wp-json\/wp\/v2\/tags?post=14889"}],"curies":[{"name":"wp","href":"https:\/\/api.w.org\/{rel}","templated":true}]}}