{"id":14894,"date":"2026-09-03T05:07:26","date_gmt":"2026-09-03T10:07:26","guid":{"rendered":"https:\/\/cariberadionline.com\/portal\/?p=14894"},"modified":"2026-09-03T05:07:40","modified_gmt":"2026-09-03T10:07:40","slug":"procuraduria-inicio-actuacion-preventiva-por-lios-de-lotes-en-puerto-colombia-atlantico","status":"publish","type":"post","link":"https:\/\/cariberadionline.com\/portal\/procuraduria-inicio-actuacion-preventiva-por-lios-de-lotes-en-puerto-colombia-atlantico\/","title":{"rendered":"Procuradur\u00eda inici\u00f3 actuaci\u00f3n preventiva por l\u00edos de lotes en Puerto Colombia (Atl\u00e1ntico)"},"content":{"rendered":"<div>Predios que fueron cedidos al municipio de Puerto Colombia (Atl\u00e1ntico) y que actualmente se encuentran en manos de particulares, motivaron acciones preventivas de la Procuradur\u00eda General de la Naci\u00f3n la cual solicit\u00f3 al alcalde, Plinio Cede\u00f1o G\u00f3mez, informaci\u00f3n sobre los procesos administrativos adelantados hasta el momento.<\/div>\n<div><\/div>\n<div>La actuaci\u00f3n del ente de control se centra en controversias jur\u00eddicas, actuaciones registrales, procedimientos administrativos y cuestionamientos p\u00fablicos sobre la autenticidad y procedencia de los documentos de dichos predios ubicados en jurisdicci\u00f3n del municipio de la costa Caribe.<\/div>\n<div><\/div>\n<div>El pleito jur\u00eddico viene desde 2017 cuando ejerc\u00eda como alcalde Steimer Al\u00ed Mantilla Rolong y quien, presuntamente, habr\u00eda suscrito las Resoluciones No 044 y 049 relacionadas con estos lotes.<\/div>\n<div><\/div>\n<div>Ante los hechos y con el prop\u00f3sito de velar por el patrimonio p\u00fablico, la Procuradur\u00eda Provincial de Barranquilla requiri\u00f3 al mandatario local para que entregue documentaci\u00f3n detallada de las resoluciones de los predios, junto con soportes de antecedentes administrativos.<\/div>\n<div><\/div>\n<div>Asimismo, el Ministerio P\u00fablico solicit\u00f3 copia de los estudios, informes, conceptos t\u00e9cnicos y jur\u00eddicos, actas, documentos y dem\u00e1s elementos que hubieren servido de fundamento para la expedici\u00f3n de las citadas resoluciones.<\/div>\n<div><\/div>\n<div>Entre otros requerimientos, la Procuradur\u00eda tambi\u00e9n pidi\u00f3 la identificaci\u00f3n de los funcionarios y contratistas que intervinieron en la elaboraci\u00f3n y proyecci\u00f3n de los actos administrativos.<\/div>\n<div><\/div>\n<div>Fuente: <strong>www.procuraduria.gov.co<\/strong><\/div>\n","protected":false},"excerpt":{"rendered":"<p>Predios que fueron cedidos al municipio de Puerto Colombia (Atl\u00e1ntico) y que actualmente se encuentran<\/p>\n","protected":false},"author":2,"featured_media":14895,"comment_status":"closed","ping_status":"closed","sticky":false,"template":"","format":"standard","meta":{"_jetpack_newsletter_access":"","_jetpack_dont_email_post_to_subs":false,"_jetpack_newsletter_tier_id":0,"_jetpack_memberships_contains_paywalled_content":false,"_jetpack_feature_clip_id":0,"_jetpack_memberships_contains_paid_content":false,"footnotes":"","jetpack_post_was_ever_published":false},"categories":[223],"tags":[],"class_list":["post-14894","post","type-post","status-publish","format-standard","has-post-thumbnail","hentry","category-noticias"],"yoast_head":"<!-- This site is optimized with the Yoast SEO plugin v28.4 - https:\/\/yoast.com\/product\/yoast-seo-wordpress\/ -->\n<title>Procuradur\u00eda inici\u00f3 actuaci\u00f3n preventiva por l\u00edos de lotes en Puerto Colombia (Atl\u00e1ntico) | Caribe Radio Online<\/title>\n<meta name=\"robots\" content=\"index, follow, max-snippet:-1, max-image-preview:large, max-video-preview:-1\" \/>\n<link rel=\"canonical\" href=\"https:\/\/cariberadionline.com\/portal\/procuraduria-inicio-actuacion-preventiva-por-lios-de-lotes-en-puerto-colombia-atlantico\/\" \/>\n<meta property=\"og:locale\" content=\"es_ES\" \/>\n<meta property=\"og:type\" content=\"article\" \/>\n<meta property=\"og:title\" content=\"Procuradur\u00eda inici\u00f3 actuaci\u00f3n preventiva por l\u00edos de lotes en Puerto Colombia (Atl\u00e1ntico) | Caribe Radio Online\" \/>\n<meta property=\"og:description\" content=\"Predios que fueron cedidos al municipio de Puerto Colombia (Atl\u00e1ntico) y que actualmente se encuentran\" \/>\n<meta property=\"og:url\" content=\"https:\/\/cariberadionline.com\/portal\/procuraduria-inicio-actuacion-preventiva-por-lios-de-lotes-en-puerto-colombia-atlantico\/\" \/>\n<meta property=\"og:site_name\" content=\"Caribe Radio Online\" \/>\n<meta property=\"article:published_time\" content=\"2026-09-03T10:07:26+00:00\" \/>\n<meta property=\"article:modified_time\" content=\"2026-09-03T10:07:40+00:00\" \/>\n<meta property=\"og:image\" content=\"https:\/\/cariberadionline.com\/portal\/wp-content\/uploads\/2026\/09\/WhatsApp-Image-2026-08-31-at-2.55.39-PM.jpeg\" \/>\n\t<meta property=\"og:image:width\" content=\"737\" \/>\n\t<meta property=\"og:image:height\" content=\"509\" \/>\n\t<meta property=\"og:image:type\" content=\"image\/jpeg\" \/>\n<meta name=\"author\" content=\"Redacci\u00f3n Caribe Radio Online\" \/>\n<meta name=\"twitter:card\" content=\"summary_large_image\" \/>\n<meta name=\"twitter:label1\" content=\"Escrito por\" \/>\n\t<meta name=\"twitter:data1\" content=\"Redacci\u00f3n Caribe Radio Online\" \/>\n\t<meta name=\"twitter:label2\" content=\"Tiempo de lectura\" \/>\n\t<meta name=\"twitter:data2\" content=\"2 minutos\" \/>\n<script type=\"application\/ld+json\" class=\"yoast-schema-graph\">{\"@context\":\"https:\\\/\\\/schema.org\",\"@graph\":[{\"@type\":\"Article\",\"@id\":\"https:\\\/\\\/cariberadionline.com\\\/portal\\\/procuraduria-inicio-actuacion-preventiva-por-lios-de-lotes-en-puerto-colombia-atlantico\\\/#article\",\"isPartOf\":{\"@id\":\"https:\\\/\\\/cariberadionline.com\\\/portal\\\/procuraduria-inicio-actuacion-preventiva-por-lios-de-lotes-en-puerto-colombia-atlantico\\\/\"},\"author\":{\"name\":\"Redacci\u00f3n Caribe Radio Online\",\"@id\":\"https:\\\/\\\/cariberadionline.com\\\/portal\\\/#\\\/schema\\\/person\\\/4e2259c4f95c83cd6f873b036e9dbde4\"},\"headline\":\"Procuradur\u00eda inici\u00f3 actuaci\u00f3n preventiva por l\u00edos de lotes en Puerto Colombia (Atl\u00e1ntico)\",\"datePublished\":\"2026-09-03T10:07:26+00:00\",\"dateModified\":\"2026-09-03T10:07:40+00:00\",\"mainEntityOfPage\":{\"@id\":\"https:\\\/\\\/cariberadionline.com\\\/portal\\\/procuraduria-inicio-actuacion-preventiva-por-lios-de-lotes-en-puerto-colombia-atlantico\\\/\"},\"wordCount\":253,\"publisher\":{\"@id\":\"https:\\\/\\\/cariberadionline.com\\\/portal\\\/#organization\"},\"image\":{\"@id\":\"https:\\\/\\\/cariberadionline.com\\\/portal\\\/procuraduria-inicio-actuacion-preventiva-por-lios-de-lotes-en-puerto-colombia-atlantico\\\/#primaryimage\"},\"thumbnailUrl\":\"https:\\\/\\\/i0.wp.com\\\/cariberadionline.com\\\/portal\\\/wp-content\\\/uploads\\\/2026\\\/09\\\/WhatsApp-Image-2026-08-31-at-2.55.39-PM.jpeg?fit=737%2C509&ssl=1\",\"articleSection\":[\"Noticias\"],\"inLanguage\":\"es-CO\"},{\"@type\":\"WebPage\",\"@id\":\"https:\\\/\\\/cariberadionline.com\\\/portal\\\/procuraduria-inicio-actuacion-preventiva-por-lios-de-lotes-en-puerto-colombia-atlantico\\\/\",\"url\":\"https:\\\/\\\/cariberadionline.com\\\/portal\\\/procuraduria-inicio-actuacion-preventiva-por-lios-de-lotes-en-puerto-colombia-atlantico\\\/\",\"name\":\"Procuradur\u00eda inici\u00f3 actuaci\u00f3n preventiva por l\u00edos de lotes en Puerto Colombia (Atl\u00e1ntico) | Caribe Radio Online\",\"isPartOf\":{\"@id\":\"https:\\\/\\\/cariberadionline.com\\\/portal\\\/#website\"},\"primaryImageOfPage\":{\"@id\":\"https:\\\/\\\/cariberadionline.com\\\/portal\\\/procuraduria-inicio-actuacion-preventiva-por-lios-de-lotes-en-puerto-colombia-atlantico\\\/#primaryimage\"},\"image\":{\"@id\":\"https:\\\/\\\/cariberadionline.com\\\/portal\\\/procuraduria-inicio-actuacion-preventiva-por-lios-de-lotes-en-puerto-colombia-atlantico\\\/#primaryimage\"},\"thumbnailUrl\":\"https:\\\/\\\/i0.wp.com\\\/cariberadionline.com\\\/portal\\\/wp-content\\\/uploads\\\/2026\\\/09\\\/WhatsApp-Image-2026-08-31-at-2.55.39-PM.jpeg?fit=737%2C509&ssl=1\",\"datePublished\":\"2026-09-03T10:07:26+00:00\",\"dateModified\":\"2026-09-03T10:07:40+00:00\",\"breadcrumb\":{\"@id\":\"https:\\\/\\\/cariberadionline.com\\\/portal\\\/procuraduria-inicio-actuacion-preventiva-por-lios-de-lotes-en-puerto-colombia-atlantico\\\/#breadcrumb\"},\"inLanguage\":\"es-CO\",\"potentialAction\":[{\"@type\":\"ReadAction\",\"target\":[\"https:\\\/\\\/cariberadionline.com\\\/portal\\\/procuraduria-inicio-actuacion-preventiva-por-lios-de-lotes-en-puerto-colombia-atlantico\\\/\"]}]},{\"@type\":\"ImageObject\",\"inLanguage\":\"es-CO\",\"@id\":\"https:\\\/\\\/cariberadionline.com\\\/portal\\\/procuraduria-inicio-actuacion-preventiva-por-lios-de-lotes-en-puerto-colombia-atlantico\\\/#primaryimage\",\"url\":\"https:\\\/\\\/i0.wp.com\\\/cariberadionline.com\\\/portal\\\/wp-content\\\/uploads\\\/2026\\\/09\\\/WhatsApp-Image-2026-08-31-at-2.55.39-PM.jpeg?fit=737%2C509&ssl=1\",\"contentUrl\":\"https:\\\/\\\/i0.wp.com\\\/cariberadionline.com\\\/portal\\\/wp-content\\\/uploads\\\/2026\\\/09\\\/WhatsApp-Image-2026-08-31-at-2.55.39-PM.jpeg?fit=737%2C509&ssl=1\",\"width\":737,\"height\":509},{\"@type\":\"BreadcrumbList\",\"@id\":\"https:\\\/\\\/cariberadionline.com\\\/portal\\\/procuraduria-inicio-actuacion-preventiva-por-lios-de-lotes-en-puerto-colombia-atlantico\\\/#breadcrumb\",\"itemListElement\":[{\"@type\":\"ListItem\",\"position\":1,\"name\":\"Home\",\"item\":\"https:\\\/\\\/cariberadionline.com\\\/portal\\\/\"},{\"@type\":\"ListItem\",\"position\":2,\"name\":\"Procuradur\u00eda inici\u00f3 actuaci\u00f3n preventiva por l\u00edos de lotes en Puerto Colombia (Atl\u00e1ntico)\"}]},{\"@type\":\"WebSite\",\"@id\":\"https:\\\/\\\/cariberadionline.com\\\/portal\\\/#website\",\"url\":\"https:\\\/\\\/cariberadionline.com\\\/portal\\\/\",\"name\":\"Caribe Radio Online\",\"description\":\"La Radio del Futuro\",\"publisher\":{\"@id\":\"https:\\\/\\\/cariberadionline.com\\\/portal\\\/#organization\"},\"potentialAction\":[{\"@type\":\"SearchAction\",\"target\":{\"@type\":\"EntryPoint\",\"urlTemplate\":\"https:\\\/\\\/cariberadionline.com\\\/portal\\\/?s={search_term_string}\"},\"query-input\":{\"@type\":\"PropertyValueSpecification\",\"valueRequired\":true,\"valueName\":\"search_term_string\"}}],\"inLanguage\":\"es-CO\"},{\"@type\":\"Organization\",\"@id\":\"https:\\\/\\\/cariberadionline.com\\\/portal\\\/#organization\",\"name\":\"Caribe Radio Online\",\"url\":\"https:\\\/\\\/cariberadionline.com\\\/portal\\\/\",\"logo\":{\"@type\":\"ImageObject\",\"inLanguage\":\"es-CO\",\"@id\":\"https:\\\/\\\/cariberadionline.com\\\/portal\\\/#\\\/schema\\\/logo\\\/image\\\/\",\"url\":\"https:\\\/\\\/i0.wp.com\\\/cariberadionline.com\\\/portal\\\/wp-content\\\/uploads\\\/2020\\\/12\\\/cropped-logo-transparente.png?fit=1789%2C1087&ssl=1\",\"contentUrl\":\"https:\\\/\\\/i0.wp.com\\\/cariberadionline.com\\\/portal\\\/wp-content\\\/uploads\\\/2020\\\/12\\\/cropped-logo-transparente.png?fit=1789%2C1087&ssl=1\",\"width\":1789,\"height\":1087,\"caption\":\"Caribe Radio Online\"},\"image\":{\"@id\":\"https:\\\/\\\/cariberadionline.com\\\/portal\\\/#\\\/schema\\\/logo\\\/image\\\/\"}},{\"@type\":\"Person\",\"@id\":\"https:\\\/\\\/cariberadionline.com\\\/portal\\\/#\\\/schema\\\/person\\\/4e2259c4f95c83cd6f873b036e9dbde4\",\"name\":\"Redacci\u00f3n Caribe Radio Online\",\"image\":{\"@type\":\"ImageObject\",\"inLanguage\":\"es-CO\",\"@id\":\"https:\\\/\\\/secure.gravatar.com\\\/avatar\\\/9abd2c1253ecf424c4360ce3e8a4d8630e5fa062ca5fd485c685376c7f5157d2?s=96&d=mm&r=g\",\"url\":\"https:\\\/\\\/secure.gravatar.com\\\/avatar\\\/9abd2c1253ecf424c4360ce3e8a4d8630e5fa062ca5fd485c685376c7f5157d2?s=96&d=mm&r=g\",\"contentUrl\":\"https:\\\/\\\/secure.gravatar.com\\\/avatar\\\/9abd2c1253ecf424c4360ce3e8a4d8630e5fa062ca5fd485c685376c7f5157d2?s=96&d=mm&r=g\",\"caption\":\"Redacci\u00f3n Caribe Radio Online\"}}]}<\/script>\n<!-- \/ Yoast SEO plugin. -->","yoast_head_json":{"title":"Procuradur\u00eda inici\u00f3 actuaci\u00f3n preventiva por l\u00edos de lotes en Puerto Colombia (Atl\u00e1ntico) | Caribe Radio Online","robots":{"index":"index","follow":"follow","max-snippet":"max-snippet:-1","max-image-preview":"max-image-preview:large","max-video-preview":"max-video-preview:-1"},"canonical":"https:\/\/cariberadionline.com\/portal\/procuraduria-inicio-actuacion-preventiva-por-lios-de-lotes-en-puerto-colombia-atlantico\/","og_locale":"es_ES","og_type":"article","og_title":"Procuradur\u00eda inici\u00f3 actuaci\u00f3n preventiva por l\u00edos de lotes en Puerto Colombia (Atl\u00e1ntico) | Caribe Radio Online","og_description":"Predios que fueron cedidos al municipio de Puerto Colombia (Atl\u00e1ntico) y que actualmente se encuentran","og_url":"https:\/\/cariberadionline.com\/portal\/procuraduria-inicio-actuacion-preventiva-por-lios-de-lotes-en-puerto-colombia-atlantico\/","og_site_name":"Caribe Radio Online","article_published_time":"2026-09-03T10:07:26+00:00","article_modified_time":"2026-09-03T10:07:40+00:00","og_image":[{"width":737,"height":509,"url":"https:\/\/cariberadionline.com\/portal\/wp-content\/uploads\/2026\/09\/WhatsApp-Image-2026-08-31-at-2.55.39-PM.jpeg","type":"image\/jpeg"}],"author":"Redacci\u00f3n Caribe Radio Online","twitter_card":"summary_large_image","twitter_misc":{"Escrito por":"Redacci\u00f3n Caribe Radio Online","Tiempo de lectura":"2 minutos"},"schema":{"@context":"https:\/\/schema.org","@graph":[{"@type":"Article","@id":"https:\/\/cariberadionline.com\/portal\/procuraduria-inicio-actuacion-preventiva-por-lios-de-lotes-en-puerto-colombia-atlantico\/#article","isPartOf":{"@id":"https:\/\/cariberadionline.com\/portal\/procuraduria-inicio-actuacion-preventiva-por-lios-de-lotes-en-puerto-colombia-atlantico\/"},"author":{"name":"Redacci\u00f3n Caribe Radio Online","@id":"https:\/\/cariberadionline.com\/portal\/#\/schema\/person\/4e2259c4f95c83cd6f873b036e9dbde4"},"headline":"Procuradur\u00eda inici\u00f3 actuaci\u00f3n preventiva por l\u00edos de lotes en Puerto Colombia (Atl\u00e1ntico)","datePublished":"2026-09-03T10:07:26+00:00","dateModified":"2026-09-03T10:07:40+00:00","mainEntityOfPage":{"@id":"https:\/\/cariberadionline.com\/portal\/procuraduria-inicio-actuacion-preventiva-por-lios-de-lotes-en-puerto-colombia-atlantico\/"},"wordCount":253,"publisher":{"@id":"https:\/\/cariberadionline.com\/portal\/#organization"},"image":{"@id":"https:\/\/cariberadionline.com\/portal\/procuraduria-inicio-actuacion-preventiva-por-lios-de-lotes-en-puerto-colombia-atlantico\/#primaryimage"},"thumbnailUrl":"https:\/\/i0.wp.com\/cariberadionline.com\/portal\/wp-content\/uploads\/2026\/09\/WhatsApp-Image-2026-08-31-at-2.55.39-PM.jpeg?fit=737%2C509&ssl=1","articleSection":["Noticias"],"inLanguage":"es-CO"},{"@type":"WebPage","@id":"https:\/\/cariberadionline.com\/portal\/procuraduria-inicio-actuacion-preventiva-por-lios-de-lotes-en-puerto-colombia-atlantico\/","url":"https:\/\/cariberadionline.com\/portal\/procuraduria-inicio-actuacion-preventiva-por-lios-de-lotes-en-puerto-colombia-atlantico\/","name":"Procuradur\u00eda inici\u00f3 actuaci\u00f3n preventiva por l\u00edos de lotes en Puerto Colombia (Atl\u00e1ntico) | Caribe Radio Online","isPartOf":{"@id":"https:\/\/cariberadionline.com\/portal\/#website"},"primaryImageOfPage":{"@id":"https:\/\/cariberadionline.com\/portal\/procuraduria-inicio-actuacion-preventiva-por-lios-de-lotes-en-puerto-colombia-atlantico\/#primaryimage"},"image":{"@id":"https:\/\/cariberadionline.com\/portal\/procuraduria-inicio-actuacion-preventiva-por-lios-de-lotes-en-puerto-colombia-atlantico\/#primaryimage"},"thumbnailUrl":"https:\/\/i0.wp.com\/cariberadionline.com\/portal\/wp-content\/uploads\/2026\/09\/WhatsApp-Image-2026-08-31-at-2.55.39-PM.jpeg?fit=737%2C509&ssl=1","datePublished":"2026-09-03T10:07:26+00:00","dateModified":"2026-09-03T10:07:40+00:00","breadcrumb":{"@id":"https:\/\/cariberadionline.com\/portal\/procuraduria-inicio-actuacion-preventiva-por-lios-de-lotes-en-puerto-colombia-atlantico\/#breadcrumb"},"inLanguage":"es-CO","potentialAction":[{"@type":"ReadAction","target":["https:\/\/cariberadionline.com\/portal\/procuraduria-inicio-actuacion-preventiva-por-lios-de-lotes-en-puerto-colombia-atlantico\/"]}]},{"@type":"ImageObject","inLanguage":"es-CO","@id":"https:\/\/cariberadionline.com\/portal\/procuraduria-inicio-actuacion-preventiva-por-lios-de-lotes-en-puerto-colombia-atlantico\/#primaryimage","url":"https:\/\/i0.wp.com\/cariberadionline.com\/portal\/wp-content\/uploads\/2026\/09\/WhatsApp-Image-2026-08-31-at-2.55.39-PM.jpeg?fit=737%2C509&ssl=1","contentUrl":"https:\/\/i0.wp.com\/cariberadionline.com\/portal\/wp-content\/uploads\/2026\/09\/WhatsApp-Image-2026-08-31-at-2.55.39-PM.jpeg?fit=737%2C509&ssl=1","width":737,"height":509},{"@type":"BreadcrumbList","@id":"https:\/\/cariberadionline.com\/portal\/procuraduria-inicio-actuacion-preventiva-por-lios-de-lotes-en-puerto-colombia-atlantico\/#breadcrumb","itemListElement":[{"@type":"ListItem","position":1,"name":"Home","item":"https:\/\/cariberadionline.com\/portal\/"},{"@type":"ListItem","position":2,"name":"Procuradur\u00eda inici\u00f3 actuaci\u00f3n preventiva por l\u00edos de lotes en Puerto Colombia (Atl\u00e1ntico)"}]},{"@type":"WebSite","@id":"https:\/\/cariberadionline.com\/portal\/#website","url":"https:\/\/cariberadionline.com\/portal\/","name":"Caribe Radio Online","description":"La Radio del Futuro","publisher":{"@id":"https:\/\/cariberadionline.com\/portal\/#organization"},"potentialAction":[{"@type":"SearchAction","target":{"@type":"EntryPoint","urlTemplate":"https:\/\/cariberadionline.com\/portal\/?s={search_term_string}"},"query-input":{"@type":"PropertyValueSpecification","valueRequired":true,"valueName":"search_term_string"}}],"inLanguage":"es-CO"},{"@type":"Organization","@id":"https:\/\/cariberadionline.com\/portal\/#organization","name":"Caribe Radio Online","url":"https:\/\/cariberadionline.com\/portal\/","logo":{"@type":"ImageObject","inLanguage":"es-CO","@id":"https:\/\/cariberadionline.com\/portal\/#\/schema\/logo\/image\/","url":"https:\/\/i0.wp.com\/cariberadionline.com\/portal\/wp-content\/uploads\/2020\/12\/cropped-logo-transparente.png?fit=1789%2C1087&ssl=1","contentUrl":"https:\/\/i0.wp.com\/cariberadionline.com\/portal\/wp-content\/uploads\/2020\/12\/cropped-logo-transparente.png?fit=1789%2C1087&ssl=1","width":1789,"height":1087,"caption":"Caribe Radio Online"},"image":{"@id":"https:\/\/cariberadionline.com\/portal\/#\/schema\/logo\/image\/"}},{"@type":"Person","@id":"https:\/\/cariberadionline.com\/portal\/#\/schema\/person\/4e2259c4f95c83cd6f873b036e9dbde4","name":"Redacci\u00f3n Caribe Radio Online","image":{"@type":"ImageObject","inLanguage":"es-CO","@id":"https:\/\/secure.gravatar.com\/avatar\/9abd2c1253ecf424c4360ce3e8a4d8630e5fa062ca5fd485c685376c7f5157d2?s=96&d=mm&r=g","url":"https:\/\/secure.gravatar.com\/avatar\/9abd2c1253ecf424c4360ce3e8a4d8630e5fa062ca5fd485c685376c7f5157d2?s=96&d=mm&r=g","contentUrl":"https:\/\/secure.gravatar.com\/avatar\/9abd2c1253ecf424c4360ce3e8a4d8630e5fa062ca5fd485c685376c7f5157d2?s=96&d=mm&r=g","caption":"Redacci\u00f3n Caribe Radio Online"}}]}},"jetpack-related-posts":[],"jetpack_sharing_enabled":true,"jetpack_featured_media_url":"https:\/\/i0.wp.com\/cariberadionline.com\/portal\/wp-content\/uploads\/2026\/09\/WhatsApp-Image-2026-08-31-at-2.55.39-PM.jpeg?fit=737%2C509&ssl=1","_links":{"self":[{"href":"https:\/\/cariberadionline.com\/portal\/wp-json\/wp\/v2\/posts\/14894","targetHints":{"allow":["GET"]}}],"collection":[{"href":"https:\/\/cariberadionline.com\/portal\/wp-json\/wp\/v2\/posts"}],"about":[{"href":"https:\/\/cariberadionline.com\/portal\/wp-json\/wp\/v2\/types\/post"}],"author":[{"embeddable":true,"href":"https:\/\/cariberadionline.com\/portal\/wp-json\/wp\/v2\/users\/2"}],"replies":[{"embeddable":true,"href":"https:\/\/cariberadionline.com\/portal\/wp-json\/wp\/v2\/comments?post=14894"}],"version-history":[{"count":2,"href":"https:\/\/cariberadionline.com\/portal\/wp-json\/wp\/v2\/posts\/14894\/revisions"}],"predecessor-version":[{"id":14897,"href":"https:\/\/cariberadionline.com\/portal\/wp-json\/wp\/v2\/posts\/14894\/revisions\/14897"}],"wp:featuredmedia":[{"embeddable":true,"href":"https:\/\/cariberadionline.com\/portal\/wp-json\/wp\/v2\/media\/14895"}],"wp:attachment":[{"href":"https:\/\/cariberadionline.com\/portal\/wp-json\/wp\/v2\/media?parent=14894"}],"wp:term":[{"taxonomy":"category","embeddable":true,"href":"https:\/\/cariberadionline.com\/portal\/wp-json\/wp\/v2\/categories?post=14894"},{"taxonomy":"post_tag","embeddable":true,"href":"https:\/\/cariberadionline.com\/portal\/wp-json\/wp\/v2\/tags?post=14894"}],"curies":[{"name":"wp","href":"https:\/\/api.w.org\/{rel}","templated":true}]}}