{"id":14902,"date":"2026-09-03T05:50:00","date_gmt":"2026-09-03T10:50:00","guid":{"rendered":"https:\/\/cariberadionline.com\/portal\/?p=14902"},"modified":"2026-09-03T05:50:00","modified_gmt":"2026-09-03T10:50:00","slug":"presidente-de-la-espriella-designa-a-ilva-myriam-hoyos-como-ministra-de-educacion","status":"publish","type":"post","link":"https:\/\/cariberadionline.com\/portal\/presidente-de-la-espriella-designa-a-ilva-myriam-hoyos-como-ministra-de-educacion\/","title":{"rendered":"Presidente De La Espriella designa a Ilva Myriam Hoyos como Ministra de Educaci\u00f3n"},"content":{"rendered":"<p>Tras la renuncia irrevocable de Viviane Morales al Ministerio de Educaci\u00f3n Nacional, por una situaci\u00f3n familiar inesperada, el Presidente de la Rep\u00fablica, Abelardo De La Espriella, anunci\u00f3 la designaci\u00f3n de Ilva Myriam Hoyos como la nueva titular de esta cartera.<\/p>\n<p>\u201cHoy estoy designando a la doctora Ilva Myriam Hoyos como Ministra de Educaci\u00f3n Nacional. Su talento, fortaleza, honradez y firme defensa de los valores la preceden. Estoy seguro de que ser\u00e1 una gran ministra y de que servir\u00e1 a Colombia con entrega, car\u00e1cter y convicci\u00f3n&#8221;,\u00a0manifest\u00f3\u00a0el Mandatario en su cuenta de X.<\/p>\n<p>La renuncia de Viviane Morales Ho\u200b\u200byos ser\u00e1 efectiva a partir del pr\u00f3ximo 7 de septiembre. Al aceptarla, el Jefe de Estado agradeci\u00f3 su gesti\u00f3n y ratific\u00f3 que la educaci\u00f3n continuar\u00e1 siendo un pilar insustituible del Gobierno.<\/p>\n<p>\u201cDespido con nostalgia a mi querida amiga Viviane Morales. Los designios de Dios son insondables y debe dejarnos tempranamente para estar al frente de una situaci\u00f3n personal que deseo, de todo coraz\u00f3n, pueda resolver muy pronto&#8221;, dijo.<\/p>\n<p>\u200b\u201cViviane se va con mi gratitud, mi afecto y mis oraciones. Las puertas de este Gobierno y de mi amistad siempre estar\u00e1n abiertas para ella. Hasta pronto, querida Viviane. Bienvenida, ministra Ilva Myriam&#8221;, concluy\u00f3 el Presidente de la Rep\u00fablica.<\/p>\n<p><strong>Fuente: www.presidencia.gov.co<\/strong><\/p>\n","protected":false},"excerpt":{"rendered":"<p>Tras la renuncia irrevocable de Viviane Morales al Ministerio de Educaci\u00f3n Nacional, por una situaci\u00f3n<\/p>\n","protected":false},"author":2,"featured_media":14903,"comment_status":"closed","ping_status":"closed","sticky":false,"template":"","format":"standard","meta":{"_jetpack_newsletter_access":"","_jetpack_dont_email_post_to_subs":false,"_jetpack_newsletter_tier_id":0,"_jetpack_memberships_contains_paywalled_content":false,"_jetpack_feature_clip_id":0,"_jetpack_memberships_contains_paid_content":false,"footnotes":"","jetpack_post_was_ever_published":false},"categories":[223],"tags":[],"class_list":["post-14902","post","type-post","status-publish","format-standard","has-post-thumbnail","hentry","category-noticias"],"yoast_head":"<!-- This site is optimized with the Yoast SEO plugin v28.4 - https:\/\/yoast.com\/product\/yoast-seo-wordpress\/ -->\n<title>Presidente De La Espriella designa a Ilva Myriam Hoyos como Ministra de Educaci\u00f3n | Caribe Radio Online<\/title>\n<meta name=\"robots\" content=\"index, follow, max-snippet:-1, max-image-preview:large, max-video-preview:-1\" \/>\n<link rel=\"canonical\" href=\"https:\/\/cariberadionline.com\/portal\/presidente-de-la-espriella-designa-a-ilva-myriam-hoyos-como-ministra-de-educacion\/\" \/>\n<meta property=\"og:locale\" content=\"es_ES\" \/>\n<meta property=\"og:type\" content=\"article\" \/>\n<meta property=\"og:title\" content=\"Presidente De La Espriella designa a Ilva Myriam Hoyos como Ministra de Educaci\u00f3n | Caribe Radio Online\" \/>\n<meta property=\"og:description\" content=\"Tras la renuncia irrevocable de Viviane Morales al Ministerio de Educaci\u00f3n Nacional, por una situaci\u00f3n\" \/>\n<meta property=\"og:url\" content=\"https:\/\/cariberadionline.com\/portal\/presidente-de-la-espriella-designa-a-ilva-myriam-hoyos-como-ministra-de-educacion\/\" \/>\n<meta property=\"og:site_name\" content=\"Caribe Radio Online\" \/>\n<meta property=\"article:published_time\" content=\"2026-09-03T10:50:00+00:00\" \/>\n<meta property=\"og:image\" content=\"https:\/\/cariberadionline.com\/portal\/wp-content\/uploads\/2026\/09\/260902-Presidente-De-La-Espriella-designa-a-Ilva-Myriam-Hoyos-1280.jpg\" \/>\n\t<meta property=\"og:image:width\" content=\"1280\" \/>\n\t<meta property=\"og:image:height\" content=\"720\" \/>\n\t<meta property=\"og:image:type\" content=\"image\/jpeg\" \/>\n<meta name=\"author\" content=\"Redacci\u00f3n Caribe Radio Online\" \/>\n<meta name=\"twitter:card\" content=\"summary_large_image\" \/>\n<meta name=\"twitter:label1\" content=\"Escrito por\" \/>\n\t<meta name=\"twitter:data1\" content=\"Redacci\u00f3n Caribe Radio Online\" \/>\n\t<meta name=\"twitter:label2\" content=\"Tiempo de lectura\" \/>\n\t<meta name=\"twitter:data2\" content=\"2 minutos\" \/>\n<script type=\"application\/ld+json\" class=\"yoast-schema-graph\">{\"@context\":\"https:\\\/\\\/schema.org\",\"@graph\":[{\"@type\":\"Article\",\"@id\":\"https:\\\/\\\/cariberadionline.com\\\/portal\\\/presidente-de-la-espriella-designa-a-ilva-myriam-hoyos-como-ministra-de-educacion\\\/#article\",\"isPartOf\":{\"@id\":\"https:\\\/\\\/cariberadionline.com\\\/portal\\\/presidente-de-la-espriella-designa-a-ilva-myriam-hoyos-como-ministra-de-educacion\\\/\"},\"author\":{\"name\":\"Redacci\u00f3n Caribe Radio Online\",\"@id\":\"https:\\\/\\\/cariberadionline.com\\\/portal\\\/#\\\/schema\\\/person\\\/4e2259c4f95c83cd6f873b036e9dbde4\"},\"headline\":\"Presidente De La Espriella designa a Ilva Myriam Hoyos como Ministra de Educaci\u00f3n\",\"datePublished\":\"2026-09-03T10:50:00+00:00\",\"mainEntityOfPage\":{\"@id\":\"https:\\\/\\\/cariberadionline.com\\\/portal\\\/presidente-de-la-espriella-designa-a-ilva-myriam-hoyos-como-ministra-de-educacion\\\/\"},\"wordCount\":238,\"publisher\":{\"@id\":\"https:\\\/\\\/cariberadionline.com\\\/portal\\\/#organization\"},\"image\":{\"@id\":\"https:\\\/\\\/cariberadionline.com\\\/portal\\\/presidente-de-la-espriella-designa-a-ilva-myriam-hoyos-como-ministra-de-educacion\\\/#primaryimage\"},\"thumbnailUrl\":\"https:\\\/\\\/i0.wp.com\\\/cariberadionline.com\\\/portal\\\/wp-content\\\/uploads\\\/2026\\\/09\\\/260902-Presidente-De-La-Espriella-designa-a-Ilva-Myriam-Hoyos-1280.jpg?fit=1280%2C720&ssl=1\",\"articleSection\":[\"Noticias\"],\"inLanguage\":\"es-CO\"},{\"@type\":\"WebPage\",\"@id\":\"https:\\\/\\\/cariberadionline.com\\\/portal\\\/presidente-de-la-espriella-designa-a-ilva-myriam-hoyos-como-ministra-de-educacion\\\/\",\"url\":\"https:\\\/\\\/cariberadionline.com\\\/portal\\\/presidente-de-la-espriella-designa-a-ilva-myriam-hoyos-como-ministra-de-educacion\\\/\",\"name\":\"Presidente De La Espriella designa a Ilva Myriam Hoyos como Ministra de Educaci\u00f3n | Caribe Radio Online\",\"isPartOf\":{\"@id\":\"https:\\\/\\\/cariberadionline.com\\\/portal\\\/#website\"},\"primaryImageOfPage\":{\"@id\":\"https:\\\/\\\/cariberadionline.com\\\/portal\\\/presidente-de-la-espriella-designa-a-ilva-myriam-hoyos-como-ministra-de-educacion\\\/#primaryimage\"},\"image\":{\"@id\":\"https:\\\/\\\/cariberadionline.com\\\/portal\\\/presidente-de-la-espriella-designa-a-ilva-myriam-hoyos-como-ministra-de-educacion\\\/#primaryimage\"},\"thumbnailUrl\":\"https:\\\/\\\/i0.wp.com\\\/cariberadionline.com\\\/portal\\\/wp-content\\\/uploads\\\/2026\\\/09\\\/260902-Presidente-De-La-Espriella-designa-a-Ilva-Myriam-Hoyos-1280.jpg?fit=1280%2C720&ssl=1\",\"datePublished\":\"2026-09-03T10:50:00+00:00\",\"breadcrumb\":{\"@id\":\"https:\\\/\\\/cariberadionline.com\\\/portal\\\/presidente-de-la-espriella-designa-a-ilva-myriam-hoyos-como-ministra-de-educacion\\\/#breadcrumb\"},\"inLanguage\":\"es-CO\",\"potentialAction\":[{\"@type\":\"ReadAction\",\"target\":[\"https:\\\/\\\/cariberadionline.com\\\/portal\\\/presidente-de-la-espriella-designa-a-ilva-myriam-hoyos-como-ministra-de-educacion\\\/\"]}]},{\"@type\":\"ImageObject\",\"inLanguage\":\"es-CO\",\"@id\":\"https:\\\/\\\/cariberadionline.com\\\/portal\\\/presidente-de-la-espriella-designa-a-ilva-myriam-hoyos-como-ministra-de-educacion\\\/#primaryimage\",\"url\":\"https:\\\/\\\/i0.wp.com\\\/cariberadionline.com\\\/portal\\\/wp-content\\\/uploads\\\/2026\\\/09\\\/260902-Presidente-De-La-Espriella-designa-a-Ilva-Myriam-Hoyos-1280.jpg?fit=1280%2C720&ssl=1\",\"contentUrl\":\"https:\\\/\\\/i0.wp.com\\\/cariberadionline.com\\\/portal\\\/wp-content\\\/uploads\\\/2026\\\/09\\\/260902-Presidente-De-La-Espriella-designa-a-Ilva-Myriam-Hoyos-1280.jpg?fit=1280%2C720&ssl=1\",\"width\":1280,\"height\":720,\"caption\":\"Presidente De La Espriella designa a Ilva Myriam Hoyos como Ministra de Educaci\u00f3n\"},{\"@type\":\"BreadcrumbList\",\"@id\":\"https:\\\/\\\/cariberadionline.com\\\/portal\\\/presidente-de-la-espriella-designa-a-ilva-myriam-hoyos-como-ministra-de-educacion\\\/#breadcrumb\",\"itemListElement\":[{\"@type\":\"ListItem\",\"position\":1,\"name\":\"Home\",\"item\":\"https:\\\/\\\/cariberadionline.com\\\/portal\\\/\"},{\"@type\":\"ListItem\",\"position\":2,\"name\":\"Presidente De La Espriella designa a Ilva Myriam Hoyos como Ministra de Educaci\u00f3n\"}]},{\"@type\":\"WebSite\",\"@id\":\"https:\\\/\\\/cariberadionline.com\\\/portal\\\/#website\",\"url\":\"https:\\\/\\\/cariberadionline.com\\\/portal\\\/\",\"name\":\"Caribe Radio Online\",\"description\":\"La Radio del Futuro\",\"publisher\":{\"@id\":\"https:\\\/\\\/cariberadionline.com\\\/portal\\\/#organization\"},\"potentialAction\":[{\"@type\":\"SearchAction\",\"target\":{\"@type\":\"EntryPoint\",\"urlTemplate\":\"https:\\\/\\\/cariberadionline.com\\\/portal\\\/?s={search_term_string}\"},\"query-input\":{\"@type\":\"PropertyValueSpecification\",\"valueRequired\":true,\"valueName\":\"search_term_string\"}}],\"inLanguage\":\"es-CO\"},{\"@type\":\"Organization\",\"@id\":\"https:\\\/\\\/cariberadionline.com\\\/portal\\\/#organization\",\"name\":\"Caribe Radio Online\",\"url\":\"https:\\\/\\\/cariberadionline.com\\\/portal\\\/\",\"logo\":{\"@type\":\"ImageObject\",\"inLanguage\":\"es-CO\",\"@id\":\"https:\\\/\\\/cariberadionline.com\\\/portal\\\/#\\\/schema\\\/logo\\\/image\\\/\",\"url\":\"https:\\\/\\\/i0.wp.com\\\/cariberadionline.com\\\/portal\\\/wp-content\\\/uploads\\\/2020\\\/12\\\/cropped-logo-transparente.png?fit=1789%2C1087&ssl=1\",\"contentUrl\":\"https:\\\/\\\/i0.wp.com\\\/cariberadionline.com\\\/portal\\\/wp-content\\\/uploads\\\/2020\\\/12\\\/cropped-logo-transparente.png?fit=1789%2C1087&ssl=1\",\"width\":1789,\"height\":1087,\"caption\":\"Caribe Radio Online\"},\"image\":{\"@id\":\"https:\\\/\\\/cariberadionline.com\\\/portal\\\/#\\\/schema\\\/logo\\\/image\\\/\"}},{\"@type\":\"Person\",\"@id\":\"https:\\\/\\\/cariberadionline.com\\\/portal\\\/#\\\/schema\\\/person\\\/4e2259c4f95c83cd6f873b036e9dbde4\",\"name\":\"Redacci\u00f3n Caribe Radio Online\",\"image\":{\"@type\":\"ImageObject\",\"inLanguage\":\"es-CO\",\"@id\":\"https:\\\/\\\/secure.gravatar.com\\\/avatar\\\/9abd2c1253ecf424c4360ce3e8a4d8630e5fa062ca5fd485c685376c7f5157d2?s=96&d=mm&r=g\",\"url\":\"https:\\\/\\\/secure.gravatar.com\\\/avatar\\\/9abd2c1253ecf424c4360ce3e8a4d8630e5fa062ca5fd485c685376c7f5157d2?s=96&d=mm&r=g\",\"contentUrl\":\"https:\\\/\\\/secure.gravatar.com\\\/avatar\\\/9abd2c1253ecf424c4360ce3e8a4d8630e5fa062ca5fd485c685376c7f5157d2?s=96&d=mm&r=g\",\"caption\":\"Redacci\u00f3n Caribe Radio Online\"}}]}<\/script>\n<!-- \/ Yoast SEO plugin. -->","yoast_head_json":{"title":"Presidente De La Espriella designa a Ilva Myriam Hoyos como Ministra de Educaci\u00f3n | Caribe Radio Online","robots":{"index":"index","follow":"follow","max-snippet":"max-snippet:-1","max-image-preview":"max-image-preview:large","max-video-preview":"max-video-preview:-1"},"canonical":"https:\/\/cariberadionline.com\/portal\/presidente-de-la-espriella-designa-a-ilva-myriam-hoyos-como-ministra-de-educacion\/","og_locale":"es_ES","og_type":"article","og_title":"Presidente De La Espriella designa a Ilva Myriam Hoyos como Ministra de Educaci\u00f3n | Caribe Radio Online","og_description":"Tras la renuncia irrevocable de Viviane Morales al Ministerio de Educaci\u00f3n Nacional, por una situaci\u00f3n","og_url":"https:\/\/cariberadionline.com\/portal\/presidente-de-la-espriella-designa-a-ilva-myriam-hoyos-como-ministra-de-educacion\/","og_site_name":"Caribe Radio Online","article_published_time":"2026-09-03T10:50:00+00:00","og_image":[{"width":1280,"height":720,"url":"https:\/\/cariberadionline.com\/portal\/wp-content\/uploads\/2026\/09\/260902-Presidente-De-La-Espriella-designa-a-Ilva-Myriam-Hoyos-1280.jpg","type":"image\/jpeg"}],"author":"Redacci\u00f3n Caribe Radio Online","twitter_card":"summary_large_image","twitter_misc":{"Escrito por":"Redacci\u00f3n Caribe Radio Online","Tiempo de lectura":"2 minutos"},"schema":{"@context":"https:\/\/schema.org","@graph":[{"@type":"Article","@id":"https:\/\/cariberadionline.com\/portal\/presidente-de-la-espriella-designa-a-ilva-myriam-hoyos-como-ministra-de-educacion\/#article","isPartOf":{"@id":"https:\/\/cariberadionline.com\/portal\/presidente-de-la-espriella-designa-a-ilva-myriam-hoyos-como-ministra-de-educacion\/"},"author":{"name":"Redacci\u00f3n Caribe Radio Online","@id":"https:\/\/cariberadionline.com\/portal\/#\/schema\/person\/4e2259c4f95c83cd6f873b036e9dbde4"},"headline":"Presidente De La Espriella designa a Ilva Myriam Hoyos como Ministra de Educaci\u00f3n","datePublished":"2026-09-03T10:50:00+00:00","mainEntityOfPage":{"@id":"https:\/\/cariberadionline.com\/portal\/presidente-de-la-espriella-designa-a-ilva-myriam-hoyos-como-ministra-de-educacion\/"},"wordCount":238,"publisher":{"@id":"https:\/\/cariberadionline.com\/portal\/#organization"},"image":{"@id":"https:\/\/cariberadionline.com\/portal\/presidente-de-la-espriella-designa-a-ilva-myriam-hoyos-como-ministra-de-educacion\/#primaryimage"},"thumbnailUrl":"https:\/\/i0.wp.com\/cariberadionline.com\/portal\/wp-content\/uploads\/2026\/09\/260902-Presidente-De-La-Espriella-designa-a-Ilva-Myriam-Hoyos-1280.jpg?fit=1280%2C720&ssl=1","articleSection":["Noticias"],"inLanguage":"es-CO"},{"@type":"WebPage","@id":"https:\/\/cariberadionline.com\/portal\/presidente-de-la-espriella-designa-a-ilva-myriam-hoyos-como-ministra-de-educacion\/","url":"https:\/\/cariberadionline.com\/portal\/presidente-de-la-espriella-designa-a-ilva-myriam-hoyos-como-ministra-de-educacion\/","name":"Presidente De La Espriella designa a Ilva Myriam Hoyos como Ministra de Educaci\u00f3n | Caribe Radio Online","isPartOf":{"@id":"https:\/\/cariberadionline.com\/portal\/#website"},"primaryImageOfPage":{"@id":"https:\/\/cariberadionline.com\/portal\/presidente-de-la-espriella-designa-a-ilva-myriam-hoyos-como-ministra-de-educacion\/#primaryimage"},"image":{"@id":"https:\/\/cariberadionline.com\/portal\/presidente-de-la-espriella-designa-a-ilva-myriam-hoyos-como-ministra-de-educacion\/#primaryimage"},"thumbnailUrl":"https:\/\/i0.wp.com\/cariberadionline.com\/portal\/wp-content\/uploads\/2026\/09\/260902-Presidente-De-La-Espriella-designa-a-Ilva-Myriam-Hoyos-1280.jpg?fit=1280%2C720&ssl=1","datePublished":"2026-09-03T10:50:00+00:00","breadcrumb":{"@id":"https:\/\/cariberadionline.com\/portal\/presidente-de-la-espriella-designa-a-ilva-myriam-hoyos-como-ministra-de-educacion\/#breadcrumb"},"inLanguage":"es-CO","potentialAction":[{"@type":"ReadAction","target":["https:\/\/cariberadionline.com\/portal\/presidente-de-la-espriella-designa-a-ilva-myriam-hoyos-como-ministra-de-educacion\/"]}]},{"@type":"ImageObject","inLanguage":"es-CO","@id":"https:\/\/cariberadionline.com\/portal\/presidente-de-la-espriella-designa-a-ilva-myriam-hoyos-como-ministra-de-educacion\/#primaryimage","url":"https:\/\/i0.wp.com\/cariberadionline.com\/portal\/wp-content\/uploads\/2026\/09\/260902-Presidente-De-La-Espriella-designa-a-Ilva-Myriam-Hoyos-1280.jpg?fit=1280%2C720&ssl=1","contentUrl":"https:\/\/i0.wp.com\/cariberadionline.com\/portal\/wp-content\/uploads\/2026\/09\/260902-Presidente-De-La-Espriella-designa-a-Ilva-Myriam-Hoyos-1280.jpg?fit=1280%2C720&ssl=1","width":1280,"height":720,"caption":"Presidente De La Espriella designa a Ilva Myriam Hoyos como Ministra de Educaci\u00f3n"},{"@type":"BreadcrumbList","@id":"https:\/\/cariberadionline.com\/portal\/presidente-de-la-espriella-designa-a-ilva-myriam-hoyos-como-ministra-de-educacion\/#breadcrumb","itemListElement":[{"@type":"ListItem","position":1,"name":"Home","item":"https:\/\/cariberadionline.com\/portal\/"},{"@type":"ListItem","position":2,"name":"Presidente De La Espriella designa a Ilva Myriam Hoyos como Ministra de Educaci\u00f3n"}]},{"@type":"WebSite","@id":"https:\/\/cariberadionline.com\/portal\/#website","url":"https:\/\/cariberadionline.com\/portal\/","name":"Caribe Radio Online","description":"La Radio del Futuro","publisher":{"@id":"https:\/\/cariberadionline.com\/portal\/#organization"},"potentialAction":[{"@type":"SearchAction","target":{"@type":"EntryPoint","urlTemplate":"https:\/\/cariberadionline.com\/portal\/?s={search_term_string}"},"query-input":{"@type":"PropertyValueSpecification","valueRequired":true,"valueName":"search_term_string"}}],"inLanguage":"es-CO"},{"@type":"Organization","@id":"https:\/\/cariberadionline.com\/portal\/#organization","name":"Caribe Radio Online","url":"https:\/\/cariberadionline.com\/portal\/","logo":{"@type":"ImageObject","inLanguage":"es-CO","@id":"https:\/\/cariberadionline.com\/portal\/#\/schema\/logo\/image\/","url":"https:\/\/i0.wp.com\/cariberadionline.com\/portal\/wp-content\/uploads\/2020\/12\/cropped-logo-transparente.png?fit=1789%2C1087&ssl=1","contentUrl":"https:\/\/i0.wp.com\/cariberadionline.com\/portal\/wp-content\/uploads\/2020\/12\/cropped-logo-transparente.png?fit=1789%2C1087&ssl=1","width":1789,"height":1087,"caption":"Caribe Radio Online"},"image":{"@id":"https:\/\/cariberadionline.com\/portal\/#\/schema\/logo\/image\/"}},{"@type":"Person","@id":"https:\/\/cariberadionline.com\/portal\/#\/schema\/person\/4e2259c4f95c83cd6f873b036e9dbde4","name":"Redacci\u00f3n Caribe Radio Online","image":{"@type":"ImageObject","inLanguage":"es-CO","@id":"https:\/\/secure.gravatar.com\/avatar\/9abd2c1253ecf424c4360ce3e8a4d8630e5fa062ca5fd485c685376c7f5157d2?s=96&d=mm&r=g","url":"https:\/\/secure.gravatar.com\/avatar\/9abd2c1253ecf424c4360ce3e8a4d8630e5fa062ca5fd485c685376c7f5157d2?s=96&d=mm&r=g","contentUrl":"https:\/\/secure.gravatar.com\/avatar\/9abd2c1253ecf424c4360ce3e8a4d8630e5fa062ca5fd485c685376c7f5157d2?s=96&d=mm&r=g","caption":"Redacci\u00f3n Caribe Radio Online"}}]}},"jetpack-related-posts":[],"jetpack_sharing_enabled":true,"jetpack_featured_media_url":"https:\/\/i0.wp.com\/cariberadionline.com\/portal\/wp-content\/uploads\/2026\/09\/260902-Presidente-De-La-Espriella-designa-a-Ilva-Myriam-Hoyos-1280.jpg?fit=1280%2C720&ssl=1","_links":{"self":[{"href":"https:\/\/cariberadionline.com\/portal\/wp-json\/wp\/v2\/posts\/14902","targetHints":{"allow":["GET"]}}],"collection":[{"href":"https:\/\/cariberadionline.com\/portal\/wp-json\/wp\/v2\/posts"}],"about":[{"href":"https:\/\/cariberadionline.com\/portal\/wp-json\/wp\/v2\/types\/post"}],"author":[{"embeddable":true,"href":"https:\/\/cariberadionline.com\/portal\/wp-json\/wp\/v2\/users\/2"}],"replies":[{"embeddable":true,"href":"https:\/\/cariberadionline.com\/portal\/wp-json\/wp\/v2\/comments?post=14902"}],"version-history":[{"count":1,"href":"https:\/\/cariberadionline.com\/portal\/wp-json\/wp\/v2\/posts\/14902\/revisions"}],"predecessor-version":[{"id":14904,"href":"https:\/\/cariberadionline.com\/portal\/wp-json\/wp\/v2\/posts\/14902\/revisions\/14904"}],"wp:featuredmedia":[{"embeddable":true,"href":"https:\/\/cariberadionline.com\/portal\/wp-json\/wp\/v2\/media\/14903"}],"wp:attachment":[{"href":"https:\/\/cariberadionline.com\/portal\/wp-json\/wp\/v2\/media?parent=14902"}],"wp:term":[{"taxonomy":"category","embeddable":true,"href":"https:\/\/cariberadionline.com\/portal\/wp-json\/wp\/v2\/categories?post=14902"},{"taxonomy":"post_tag","embeddable":true,"href":"https:\/\/cariberadionline.com\/portal\/wp-json\/wp\/v2\/tags?post=14902"}],"curies":[{"name":"wp","href":"https:\/\/api.w.org\/{rel}","templated":true}]}}