{"id":14912,"date":"2026-09-03T06:22:36","date_gmt":"2026-09-03T11:22:36","guid":{"rendered":"https:\/\/cariberadionline.com\/portal\/?p=14912"},"modified":"2026-09-03T06:22:36","modified_gmt":"2026-09-03T11:22:36","slug":"gobernador-eduardo-verano-confirma-avance-de-proyecto-vial-en-la-conmemoracion-de-los-495-anos-de-malambo","status":"publish","type":"post","link":"https:\/\/cariberadionline.com\/portal\/gobernador-eduardo-verano-confirma-avance-de-proyecto-vial-en-la-conmemoracion-de-los-495-anos-de-malambo\/","title":{"rendered":"Gobernador Eduardo Verano confirma avance de proyecto vial en la conmemoraci\u00f3n de los 495 a\u00f1os de Malambo"},"content":{"rendered":"<p>Como un regalo para el municipio de Malambo en la conmemoraci\u00f3n de sus 495 a\u00f1os de historia, el gobernador del Atl\u00e1ntico, Eduardo Verano, lider\u00f3 una jornada de limpieza, recolecci\u00f3n de desechos y siembra de \u00e1rboles sobre la V\u00eda Oriental, a la altura del barrio la Luna, donde ratific\u00f3 el avance del Corredor Log\u00edstico del Atl\u00e1ntico, un proyecto vial que avanza en 70 % con recursos del Gobierno de Eduardo Verano.<\/p>\n<p>Tiene 17 kil\u00f3metros de una v\u00eda que se convertir\u00e1 en doble calzada para optimizar el acceso al \u00e1rea metropolitana de Barranquilla y el transporte de mercanc\u00edas en la zona.<\/p>\n<p>De igual manera, anunci\u00f3 otra obra que necesita del concurso del Ministerio de Transporte que responde a la necesidad de mantener las v\u00edas limpias, eficientes y seguras, y de esta forma integrar el \u00e1rea metropolitana de Barranquilla con una infraestructura vial avanzada, intersecciones \u00f3ptimas y carriles exclusivos de buses y motos.<\/p>\n<p><img data-recalc-dims=\"1\" fetchpriority=\"high\" decoding=\"async\" class=\"size-medium wp-image-14915 aligncenter\" src=\"https:\/\/i0.wp.com\/cariberadionline.com\/portal\/wp-content\/uploads\/2026\/09\/WhatsApp-Image-2026-09-03-at-6.16.13-AM.jpeg?resize=300%2C200&#038;ssl=1\" alt=\"\" width=\"300\" height=\"200\" srcset=\"https:\/\/i0.wp.com\/cariberadionline.com\/portal\/wp-content\/uploads\/2026\/09\/WhatsApp-Image-2026-09-03-at-6.16.13-AM.jpeg?resize=300%2C200&amp;ssl=1 300w, https:\/\/i0.wp.com\/cariberadionline.com\/portal\/wp-content\/uploads\/2026\/09\/WhatsApp-Image-2026-09-03-at-6.16.13-AM.jpeg?resize=1024%2C682&amp;ssl=1 1024w, https:\/\/i0.wp.com\/cariberadionline.com\/portal\/wp-content\/uploads\/2026\/09\/WhatsApp-Image-2026-09-03-at-6.16.13-AM.jpeg?resize=768%2C512&amp;ssl=1 768w, https:\/\/i0.wp.com\/cariberadionline.com\/portal\/wp-content\/uploads\/2026\/09\/WhatsApp-Image-2026-09-03-at-6.16.13-AM.jpeg?resize=1536%2C1023&amp;ssl=1 1536w, https:\/\/i0.wp.com\/cariberadionline.com\/portal\/wp-content\/uploads\/2026\/09\/WhatsApp-Image-2026-09-03-at-6.16.13-AM.jpeg?w=1600&amp;ssl=1 1600w, https:\/\/i0.wp.com\/cariberadionline.com\/portal\/wp-content\/uploads\/2026\/09\/WhatsApp-Image-2026-09-03-at-6.16.13-AM.jpeg?w=1280&amp;ssl=1 1280w\" sizes=\"(max-width: 300px) 100vw, 300px\" \/><\/p>\n<p>&#8220;Nuestro objetivo es convertir estos 20 kil\u00f3metros, que van desde el colegio Inem hasta la Segunda Circunvalar, en un corredor log\u00edstico impecable y a la altura de las exigencias que supone consolidar a la zona metropolitana como sede alterna del Gobierno nacional.<\/p>\n<p>Para lograrlo, debemos ir al fondo del problema: resolver la falta de compromiso de algunos operadores de aseo que lleva a la comunidad a arrojar desechos a las v\u00edas, adecuar la vegetaci\u00f3n y canalizar aguas servidas y arroyos. Malambo se ha convertido en el coraz\u00f3n del Atl\u00e1ntico, por ello la mayor parte de la inversi\u00f3n para este gran parque lineal estar\u00e1 concentrada en el tramo entre Soledad y Malambo&#8221;, afirm\u00f3 Verano.<\/p>\n<p>La alcaldesa de Malambo, Yenis Orozco, destac\u00f3 la articulaci\u00f3n con la Gobernaci\u00f3n del Atl\u00e1ntico en el marco del aniversario del municipio y envi\u00f3 un mensaje de corresponsabilidad a toda la ciudadan\u00eda para mantener los espacios p\u00fablicos limpios.<\/p>\n<p><img data-recalc-dims=\"1\" decoding=\"async\" class=\"size-medium wp-image-14916 aligncenter\" src=\"https:\/\/i0.wp.com\/cariberadionline.com\/portal\/wp-content\/uploads\/2026\/09\/WhatsApp-Image-2026-09-03-at-6.16.14-AM.jpeg?resize=300%2C200&#038;ssl=1\" alt=\"\" width=\"300\" height=\"200\" srcset=\"https:\/\/i0.wp.com\/cariberadionline.com\/portal\/wp-content\/uploads\/2026\/09\/WhatsApp-Image-2026-09-03-at-6.16.14-AM.jpeg?resize=300%2C200&amp;ssl=1 300w, https:\/\/i0.wp.com\/cariberadionline.com\/portal\/wp-content\/uploads\/2026\/09\/WhatsApp-Image-2026-09-03-at-6.16.14-AM.jpeg?resize=1024%2C682&amp;ssl=1 1024w, https:\/\/i0.wp.com\/cariberadionline.com\/portal\/wp-content\/uploads\/2026\/09\/WhatsApp-Image-2026-09-03-at-6.16.14-AM.jpeg?resize=768%2C512&amp;ssl=1 768w, https:\/\/i0.wp.com\/cariberadionline.com\/portal\/wp-content\/uploads\/2026\/09\/WhatsApp-Image-2026-09-03-at-6.16.14-AM.jpeg?resize=1536%2C1023&amp;ssl=1 1536w, https:\/\/i0.wp.com\/cariberadionline.com\/portal\/wp-content\/uploads\/2026\/09\/WhatsApp-Image-2026-09-03-at-6.16.14-AM.jpeg?w=1600&amp;ssl=1 1600w, https:\/\/i0.wp.com\/cariberadionline.com\/portal\/wp-content\/uploads\/2026\/09\/WhatsApp-Image-2026-09-03-at-6.16.14-AM.jpeg?w=1280&amp;ssl=1 1280w\" sizes=\"(max-width: 300px) 100vw, 300px\" \/><\/p>\n<p><em>\u201cEn esta conmemoraci\u00f3n de los 495 a\u00f1os del encuentro de dos culturas en nuestro territorio, iniciamos una intensa limpieza en toda la Banda Oriental en equipo con la Gobernaci\u00f3n, logrando retirar m\u00e1s de 700 toneladas de basura. Hacemos un llamado a los malamberos a demostrar su amor por esta tierra no arrojando desechos y haciendo valer su derecho a exigir un operador eficiente de servicios p\u00fablicos\u201d<\/em>, afirm\u00f3 la alcaldesa, quien insisti\u00f3 en que la disposici\u00f3n inadecuada de residuos genera afectaciones en la salud, el medio ambiente, la productividad, la competitividad y la imagen del municipio.<\/p>\n<p>Orozco indic\u00f3 que desde la administraci\u00f3n municipal se ha dise\u00f1ado un c\u00f3digo QR para que la comunidad denuncie a quienes arrojen residuos a las calles o los transporten de manera irregular.<\/p>\n<p>Asimismo, ponen a disposici\u00f3n de la comunidad herramientas jur\u00eddicas necesarias para actuar de manera severa contra las empresas de aseo y agua potable que no est\u00e9n cumpliendo con sus obligaciones. Invit\u00f3 adem\u00e1s a la ciudadan\u00eda a denunciar oportunamente a trav\u00e9s de la l\u00ednea de atenci\u00f3n 112 de la Polic\u00eda Nacional o del cuadrante correspondiente.<\/p>\n<p><em><strong>PROYECTO DE IMPACTO NACIONAL<\/strong><\/em><\/p>\n<p>El proyecto vial presentado por la Gobernaci\u00f3n del Atl\u00e1ntico ante el Ministerio de Transporte contempla la intervenci\u00f3n de los 20 kil\u00f3metros de la carretera Oriental, de propiedad de la Naci\u00f3n, mediante un convenio de cofinanciaci\u00f3n. La obra incluye soluciones a desnivel en puntos cr\u00edticos como Manuela Beltr\u00e1n, los accesos a Soledad 2000, al aeropuerto Ernesto Cortissoz, a Malambo y al sector de El Concord, adem\u00e1s de la construcci\u00f3n de un puente peatonal frente al Inem.<\/p>\n<p><img data-recalc-dims=\"1\" decoding=\"async\" class=\"size-medium wp-image-14914 aligncenter\" src=\"https:\/\/i0.wp.com\/cariberadionline.com\/portal\/wp-content\/uploads\/2026\/09\/WhatsApp-Image-2026-09-03-at-6.16.14-AM-1.jpeg?resize=300%2C200&#038;ssl=1\" alt=\"\" width=\"300\" height=\"200\" srcset=\"https:\/\/i0.wp.com\/cariberadionline.com\/portal\/wp-content\/uploads\/2026\/09\/WhatsApp-Image-2026-09-03-at-6.16.14-AM-1.jpeg?resize=300%2C200&amp;ssl=1 300w, https:\/\/i0.wp.com\/cariberadionline.com\/portal\/wp-content\/uploads\/2026\/09\/WhatsApp-Image-2026-09-03-at-6.16.14-AM-1.jpeg?resize=1024%2C682&amp;ssl=1 1024w, https:\/\/i0.wp.com\/cariberadionline.com\/portal\/wp-content\/uploads\/2026\/09\/WhatsApp-Image-2026-09-03-at-6.16.14-AM-1.jpeg?resize=768%2C512&amp;ssl=1 768w, https:\/\/i0.wp.com\/cariberadionline.com\/portal\/wp-content\/uploads\/2026\/09\/WhatsApp-Image-2026-09-03-at-6.16.14-AM-1.jpeg?resize=1536%2C1023&amp;ssl=1 1536w, https:\/\/i0.wp.com\/cariberadionline.com\/portal\/wp-content\/uploads\/2026\/09\/WhatsApp-Image-2026-09-03-at-6.16.14-AM-1.jpeg?w=1600&amp;ssl=1 1600w, https:\/\/i0.wp.com\/cariberadionline.com\/portal\/wp-content\/uploads\/2026\/09\/WhatsApp-Image-2026-09-03-at-6.16.14-AM-1.jpeg?w=1280&amp;ssl=1 1280w\" sizes=\"(max-width: 300px) 100vw, 300px\" \/><\/p>\n<p>El dise\u00f1o urban\u00edstico contempla carriles exclusivos para buses y motocicletas, amplios andenes, vegetaci\u00f3n moderna y un parque lineal que transformar\u00e1 la fachada de entrada a Barranquilla y las v\u00edas de acceso a la terminal a\u00e9rea.<\/p>\n<p>Mientras concluyen las fases de estructuraci\u00f3n del proyecto, la Gobernaci\u00f3n y la Alcald\u00eda avanzan en el plan de contingencia con la siembra de \u00e1rboles y la firma de actas de compromiso con empresas instaladas en el municipio, comerciantes y residentes de la zona, quienes asumen el deber de preservar limpios y embellecidos los frentes de sus propiedades.<\/p>\n","protected":false},"excerpt":{"rendered":"<p>Como un regalo para el municipio de Malambo en la conmemoraci\u00f3n de sus 495 a\u00f1os<\/p>\n","protected":false},"author":2,"featured_media":14913,"comment_status":"closed","ping_status":"closed","sticky":false,"template":"","format":"standard","meta":{"_jetpack_newsletter_access":"","_jetpack_dont_email_post_to_subs":false,"_jetpack_newsletter_tier_id":0,"_jetpack_memberships_contains_paywalled_content":false,"_jetpack_feature_clip_id":0,"_jetpack_memberships_contains_paid_content":false,"footnotes":"","jetpack_post_was_ever_published":false},"categories":[223],"tags":[],"class_list":["post-14912","post","type-post","status-publish","format-standard","has-post-thumbnail","hentry","category-noticias"],"yoast_head":"<!-- This site is optimized with the Yoast SEO plugin v28.4 - https:\/\/yoast.com\/product\/yoast-seo-wordpress\/ -->\n<title>Gobernador Eduardo Verano confirma avance de proyecto vial en la conmemoraci\u00f3n de los 495 a\u00f1os de Malambo | Caribe Radio Online<\/title>\n<meta name=\"robots\" content=\"index, follow, max-snippet:-1, max-image-preview:large, max-video-preview:-1\" \/>\n<link rel=\"canonical\" href=\"https:\/\/cariberadionline.com\/portal\/gobernador-eduardo-verano-confirma-avance-de-proyecto-vial-en-la-conmemoracion-de-los-495-anos-de-malambo\/\" \/>\n<meta property=\"og:locale\" content=\"es_ES\" \/>\n<meta property=\"og:type\" content=\"article\" \/>\n<meta property=\"og:title\" content=\"Gobernador Eduardo Verano confirma avance de proyecto vial en la conmemoraci\u00f3n de los 495 a\u00f1os de Malambo | Caribe Radio Online\" \/>\n<meta property=\"og:description\" content=\"Como un regalo para el municipio de Malambo en la conmemoraci\u00f3n de sus 495 a\u00f1os\" \/>\n<meta property=\"og:url\" content=\"https:\/\/cariberadionline.com\/portal\/gobernador-eduardo-verano-confirma-avance-de-proyecto-vial-en-la-conmemoracion-de-los-495-anos-de-malambo\/\" \/>\n<meta property=\"og:site_name\" content=\"Caribe Radio Online\" \/>\n<meta property=\"article:published_time\" content=\"2026-09-03T11:22:36+00:00\" \/>\n<meta property=\"og:image\" content=\"https:\/\/cariberadionline.com\/portal\/wp-content\/uploads\/2026\/09\/WhatsApp-Image-2026-09-03-at-6.16.13-AM-1.jpeg\" \/>\n\t<meta property=\"og:image:width\" content=\"1600\" \/>\n\t<meta property=\"og:image:height\" content=\"1066\" \/>\n\t<meta property=\"og:image:type\" content=\"image\/jpeg\" \/>\n<meta name=\"author\" content=\"Redacci\u00f3n Caribe Radio Online\" \/>\n<meta name=\"twitter:card\" content=\"summary_large_image\" \/>\n<meta name=\"twitter:label1\" content=\"Escrito por\" \/>\n\t<meta name=\"twitter:data1\" content=\"Redacci\u00f3n Caribe Radio Online\" \/>\n\t<meta name=\"twitter:label2\" content=\"Tiempo de lectura\" \/>\n\t<meta name=\"twitter:data2\" content=\"4 minutos\" \/>\n<script type=\"application\/ld+json\" class=\"yoast-schema-graph\">{\"@context\":\"https:\\\/\\\/schema.org\",\"@graph\":[{\"@type\":\"Article\",\"@id\":\"https:\\\/\\\/cariberadionline.com\\\/portal\\\/gobernador-eduardo-verano-confirma-avance-de-proyecto-vial-en-la-conmemoracion-de-los-495-anos-de-malambo\\\/#article\",\"isPartOf\":{\"@id\":\"https:\\\/\\\/cariberadionline.com\\\/portal\\\/gobernador-eduardo-verano-confirma-avance-de-proyecto-vial-en-la-conmemoracion-de-los-495-anos-de-malambo\\\/\"},\"author\":{\"name\":\"Redacci\u00f3n Caribe Radio Online\",\"@id\":\"https:\\\/\\\/cariberadionline.com\\\/portal\\\/#\\\/schema\\\/person\\\/4e2259c4f95c83cd6f873b036e9dbde4\"},\"headline\":\"Gobernador Eduardo Verano confirma avance de proyecto vial en la conmemoraci\u00f3n de los 495 a\u00f1os de Malambo\",\"datePublished\":\"2026-09-03T11:22:36+00:00\",\"mainEntityOfPage\":{\"@id\":\"https:\\\/\\\/cariberadionline.com\\\/portal\\\/gobernador-eduardo-verano-confirma-avance-de-proyecto-vial-en-la-conmemoracion-de-los-495-anos-de-malambo\\\/\"},\"wordCount\":718,\"publisher\":{\"@id\":\"https:\\\/\\\/cariberadionline.com\\\/portal\\\/#organization\"},\"image\":{\"@id\":\"https:\\\/\\\/cariberadionline.com\\\/portal\\\/gobernador-eduardo-verano-confirma-avance-de-proyecto-vial-en-la-conmemoracion-de-los-495-anos-de-malambo\\\/#primaryimage\"},\"thumbnailUrl\":\"https:\\\/\\\/i0.wp.com\\\/cariberadionline.com\\\/portal\\\/wp-content\\\/uploads\\\/2026\\\/09\\\/WhatsApp-Image-2026-09-03-at-6.16.13-AM-1.jpeg?fit=1600%2C1066&ssl=1\",\"articleSection\":[\"Noticias\"],\"inLanguage\":\"es-CO\"},{\"@type\":\"WebPage\",\"@id\":\"https:\\\/\\\/cariberadionline.com\\\/portal\\\/gobernador-eduardo-verano-confirma-avance-de-proyecto-vial-en-la-conmemoracion-de-los-495-anos-de-malambo\\\/\",\"url\":\"https:\\\/\\\/cariberadionline.com\\\/portal\\\/gobernador-eduardo-verano-confirma-avance-de-proyecto-vial-en-la-conmemoracion-de-los-495-anos-de-malambo\\\/\",\"name\":\"Gobernador Eduardo Verano confirma avance de proyecto vial en la conmemoraci\u00f3n de los 495 a\u00f1os de Malambo | Caribe Radio Online\",\"isPartOf\":{\"@id\":\"https:\\\/\\\/cariberadionline.com\\\/portal\\\/#website\"},\"primaryImageOfPage\":{\"@id\":\"https:\\\/\\\/cariberadionline.com\\\/portal\\\/gobernador-eduardo-verano-confirma-avance-de-proyecto-vial-en-la-conmemoracion-de-los-495-anos-de-malambo\\\/#primaryimage\"},\"image\":{\"@id\":\"https:\\\/\\\/cariberadionline.com\\\/portal\\\/gobernador-eduardo-verano-confirma-avance-de-proyecto-vial-en-la-conmemoracion-de-los-495-anos-de-malambo\\\/#primaryimage\"},\"thumbnailUrl\":\"https:\\\/\\\/i0.wp.com\\\/cariberadionline.com\\\/portal\\\/wp-content\\\/uploads\\\/2026\\\/09\\\/WhatsApp-Image-2026-09-03-at-6.16.13-AM-1.jpeg?fit=1600%2C1066&ssl=1\",\"datePublished\":\"2026-09-03T11:22:36+00:00\",\"breadcrumb\":{\"@id\":\"https:\\\/\\\/cariberadionline.com\\\/portal\\\/gobernador-eduardo-verano-confirma-avance-de-proyecto-vial-en-la-conmemoracion-de-los-495-anos-de-malambo\\\/#breadcrumb\"},\"inLanguage\":\"es-CO\",\"potentialAction\":[{\"@type\":\"ReadAction\",\"target\":[\"https:\\\/\\\/cariberadionline.com\\\/portal\\\/gobernador-eduardo-verano-confirma-avance-de-proyecto-vial-en-la-conmemoracion-de-los-495-anos-de-malambo\\\/\"]}]},{\"@type\":\"ImageObject\",\"inLanguage\":\"es-CO\",\"@id\":\"https:\\\/\\\/cariberadionline.com\\\/portal\\\/gobernador-eduardo-verano-confirma-avance-de-proyecto-vial-en-la-conmemoracion-de-los-495-anos-de-malambo\\\/#primaryimage\",\"url\":\"https:\\\/\\\/i0.wp.com\\\/cariberadionline.com\\\/portal\\\/wp-content\\\/uploads\\\/2026\\\/09\\\/WhatsApp-Image-2026-09-03-at-6.16.13-AM-1.jpeg?fit=1600%2C1066&ssl=1\",\"contentUrl\":\"https:\\\/\\\/i0.wp.com\\\/cariberadionline.com\\\/portal\\\/wp-content\\\/uploads\\\/2026\\\/09\\\/WhatsApp-Image-2026-09-03-at-6.16.13-AM-1.jpeg?fit=1600%2C1066&ssl=1\",\"width\":1600,\"height\":1066},{\"@type\":\"BreadcrumbList\",\"@id\":\"https:\\\/\\\/cariberadionline.com\\\/portal\\\/gobernador-eduardo-verano-confirma-avance-de-proyecto-vial-en-la-conmemoracion-de-los-495-anos-de-malambo\\\/#breadcrumb\",\"itemListElement\":[{\"@type\":\"ListItem\",\"position\":1,\"name\":\"Home\",\"item\":\"https:\\\/\\\/cariberadionline.com\\\/portal\\\/\"},{\"@type\":\"ListItem\",\"position\":2,\"name\":\"Gobernador Eduardo Verano confirma avance de proyecto vial en la conmemoraci\u00f3n de los 495 a\u00f1os de Malambo\"}]},{\"@type\":\"WebSite\",\"@id\":\"https:\\\/\\\/cariberadionline.com\\\/portal\\\/#website\",\"url\":\"https:\\\/\\\/cariberadionline.com\\\/portal\\\/\",\"name\":\"Caribe Radio Online\",\"description\":\"La Radio del Futuro\",\"publisher\":{\"@id\":\"https:\\\/\\\/cariberadionline.com\\\/portal\\\/#organization\"},\"potentialAction\":[{\"@type\":\"SearchAction\",\"target\":{\"@type\":\"EntryPoint\",\"urlTemplate\":\"https:\\\/\\\/cariberadionline.com\\\/portal\\\/?s={search_term_string}\"},\"query-input\":{\"@type\":\"PropertyValueSpecification\",\"valueRequired\":true,\"valueName\":\"search_term_string\"}}],\"inLanguage\":\"es-CO\"},{\"@type\":\"Organization\",\"@id\":\"https:\\\/\\\/cariberadionline.com\\\/portal\\\/#organization\",\"name\":\"Caribe Radio Online\",\"url\":\"https:\\\/\\\/cariberadionline.com\\\/portal\\\/\",\"logo\":{\"@type\":\"ImageObject\",\"inLanguage\":\"es-CO\",\"@id\":\"https:\\\/\\\/cariberadionline.com\\\/portal\\\/#\\\/schema\\\/logo\\\/image\\\/\",\"url\":\"https:\\\/\\\/i0.wp.com\\\/cariberadionline.com\\\/portal\\\/wp-content\\\/uploads\\\/2020\\\/12\\\/cropped-logo-transparente.png?fit=1789%2C1087&ssl=1\",\"contentUrl\":\"https:\\\/\\\/i0.wp.com\\\/cariberadionline.com\\\/portal\\\/wp-content\\\/uploads\\\/2020\\\/12\\\/cropped-logo-transparente.png?fit=1789%2C1087&ssl=1\",\"width\":1789,\"height\":1087,\"caption\":\"Caribe Radio Online\"},\"image\":{\"@id\":\"https:\\\/\\\/cariberadionline.com\\\/portal\\\/#\\\/schema\\\/logo\\\/image\\\/\"}},{\"@type\":\"Person\",\"@id\":\"https:\\\/\\\/cariberadionline.com\\\/portal\\\/#\\\/schema\\\/person\\\/4e2259c4f95c83cd6f873b036e9dbde4\",\"name\":\"Redacci\u00f3n Caribe Radio Online\",\"image\":{\"@type\":\"ImageObject\",\"inLanguage\":\"es-CO\",\"@id\":\"https:\\\/\\\/secure.gravatar.com\\\/avatar\\\/9abd2c1253ecf424c4360ce3e8a4d8630e5fa062ca5fd485c685376c7f5157d2?s=96&d=mm&r=g\",\"url\":\"https:\\\/\\\/secure.gravatar.com\\\/avatar\\\/9abd2c1253ecf424c4360ce3e8a4d8630e5fa062ca5fd485c685376c7f5157d2?s=96&d=mm&r=g\",\"contentUrl\":\"https:\\\/\\\/secure.gravatar.com\\\/avatar\\\/9abd2c1253ecf424c4360ce3e8a4d8630e5fa062ca5fd485c685376c7f5157d2?s=96&d=mm&r=g\",\"caption\":\"Redacci\u00f3n Caribe Radio Online\"}}]}<\/script>\n<!-- \/ Yoast SEO plugin. -->","yoast_head_json":{"title":"Gobernador Eduardo Verano confirma avance de proyecto vial en la conmemoraci\u00f3n de los 495 a\u00f1os de Malambo | Caribe Radio Online","robots":{"index":"index","follow":"follow","max-snippet":"max-snippet:-1","max-image-preview":"max-image-preview:large","max-video-preview":"max-video-preview:-1"},"canonical":"https:\/\/cariberadionline.com\/portal\/gobernador-eduardo-verano-confirma-avance-de-proyecto-vial-en-la-conmemoracion-de-los-495-anos-de-malambo\/","og_locale":"es_ES","og_type":"article","og_title":"Gobernador Eduardo Verano confirma avance de proyecto vial en la conmemoraci\u00f3n de los 495 a\u00f1os de Malambo | Caribe Radio Online","og_description":"Como un regalo para el municipio de Malambo en la conmemoraci\u00f3n de sus 495 a\u00f1os","og_url":"https:\/\/cariberadionline.com\/portal\/gobernador-eduardo-verano-confirma-avance-de-proyecto-vial-en-la-conmemoracion-de-los-495-anos-de-malambo\/","og_site_name":"Caribe Radio Online","article_published_time":"2026-09-03T11:22:36+00:00","og_image":[{"width":1600,"height":1066,"url":"https:\/\/cariberadionline.com\/portal\/wp-content\/uploads\/2026\/09\/WhatsApp-Image-2026-09-03-at-6.16.13-AM-1.jpeg","type":"image\/jpeg"}],"author":"Redacci\u00f3n Caribe Radio Online","twitter_card":"summary_large_image","twitter_misc":{"Escrito por":"Redacci\u00f3n Caribe Radio Online","Tiempo de lectura":"4 minutos"},"schema":{"@context":"https:\/\/schema.org","@graph":[{"@type":"Article","@id":"https:\/\/cariberadionline.com\/portal\/gobernador-eduardo-verano-confirma-avance-de-proyecto-vial-en-la-conmemoracion-de-los-495-anos-de-malambo\/#article","isPartOf":{"@id":"https:\/\/cariberadionline.com\/portal\/gobernador-eduardo-verano-confirma-avance-de-proyecto-vial-en-la-conmemoracion-de-los-495-anos-de-malambo\/"},"author":{"name":"Redacci\u00f3n Caribe Radio Online","@id":"https:\/\/cariberadionline.com\/portal\/#\/schema\/person\/4e2259c4f95c83cd6f873b036e9dbde4"},"headline":"Gobernador Eduardo Verano confirma avance de proyecto vial en la conmemoraci\u00f3n de los 495 a\u00f1os de Malambo","datePublished":"2026-09-03T11:22:36+00:00","mainEntityOfPage":{"@id":"https:\/\/cariberadionline.com\/portal\/gobernador-eduardo-verano-confirma-avance-de-proyecto-vial-en-la-conmemoracion-de-los-495-anos-de-malambo\/"},"wordCount":718,"publisher":{"@id":"https:\/\/cariberadionline.com\/portal\/#organization"},"image":{"@id":"https:\/\/cariberadionline.com\/portal\/gobernador-eduardo-verano-confirma-avance-de-proyecto-vial-en-la-conmemoracion-de-los-495-anos-de-malambo\/#primaryimage"},"thumbnailUrl":"https:\/\/i0.wp.com\/cariberadionline.com\/portal\/wp-content\/uploads\/2026\/09\/WhatsApp-Image-2026-09-03-at-6.16.13-AM-1.jpeg?fit=1600%2C1066&ssl=1","articleSection":["Noticias"],"inLanguage":"es-CO"},{"@type":"WebPage","@id":"https:\/\/cariberadionline.com\/portal\/gobernador-eduardo-verano-confirma-avance-de-proyecto-vial-en-la-conmemoracion-de-los-495-anos-de-malambo\/","url":"https:\/\/cariberadionline.com\/portal\/gobernador-eduardo-verano-confirma-avance-de-proyecto-vial-en-la-conmemoracion-de-los-495-anos-de-malambo\/","name":"Gobernador Eduardo Verano confirma avance de proyecto vial en la conmemoraci\u00f3n de los 495 a\u00f1os de Malambo | Caribe Radio Online","isPartOf":{"@id":"https:\/\/cariberadionline.com\/portal\/#website"},"primaryImageOfPage":{"@id":"https:\/\/cariberadionline.com\/portal\/gobernador-eduardo-verano-confirma-avance-de-proyecto-vial-en-la-conmemoracion-de-los-495-anos-de-malambo\/#primaryimage"},"image":{"@id":"https:\/\/cariberadionline.com\/portal\/gobernador-eduardo-verano-confirma-avance-de-proyecto-vial-en-la-conmemoracion-de-los-495-anos-de-malambo\/#primaryimage"},"thumbnailUrl":"https:\/\/i0.wp.com\/cariberadionline.com\/portal\/wp-content\/uploads\/2026\/09\/WhatsApp-Image-2026-09-03-at-6.16.13-AM-1.jpeg?fit=1600%2C1066&ssl=1","datePublished":"2026-09-03T11:22:36+00:00","breadcrumb":{"@id":"https:\/\/cariberadionline.com\/portal\/gobernador-eduardo-verano-confirma-avance-de-proyecto-vial-en-la-conmemoracion-de-los-495-anos-de-malambo\/#breadcrumb"},"inLanguage":"es-CO","potentialAction":[{"@type":"ReadAction","target":["https:\/\/cariberadionline.com\/portal\/gobernador-eduardo-verano-confirma-avance-de-proyecto-vial-en-la-conmemoracion-de-los-495-anos-de-malambo\/"]}]},{"@type":"ImageObject","inLanguage":"es-CO","@id":"https:\/\/cariberadionline.com\/portal\/gobernador-eduardo-verano-confirma-avance-de-proyecto-vial-en-la-conmemoracion-de-los-495-anos-de-malambo\/#primaryimage","url":"https:\/\/i0.wp.com\/cariberadionline.com\/portal\/wp-content\/uploads\/2026\/09\/WhatsApp-Image-2026-09-03-at-6.16.13-AM-1.jpeg?fit=1600%2C1066&ssl=1","contentUrl":"https:\/\/i0.wp.com\/cariberadionline.com\/portal\/wp-content\/uploads\/2026\/09\/WhatsApp-Image-2026-09-03-at-6.16.13-AM-1.jpeg?fit=1600%2C1066&ssl=1","width":1600,"height":1066},{"@type":"BreadcrumbList","@id":"https:\/\/cariberadionline.com\/portal\/gobernador-eduardo-verano-confirma-avance-de-proyecto-vial-en-la-conmemoracion-de-los-495-anos-de-malambo\/#breadcrumb","itemListElement":[{"@type":"ListItem","position":1,"name":"Home","item":"https:\/\/cariberadionline.com\/portal\/"},{"@type":"ListItem","position":2,"name":"Gobernador Eduardo Verano confirma avance de proyecto vial en la conmemoraci\u00f3n de los 495 a\u00f1os de Malambo"}]},{"@type":"WebSite","@id":"https:\/\/cariberadionline.com\/portal\/#website","url":"https:\/\/cariberadionline.com\/portal\/","name":"Caribe Radio Online","description":"La Radio del Futuro","publisher":{"@id":"https:\/\/cariberadionline.com\/portal\/#organization"},"potentialAction":[{"@type":"SearchAction","target":{"@type":"EntryPoint","urlTemplate":"https:\/\/cariberadionline.com\/portal\/?s={search_term_string}"},"query-input":{"@type":"PropertyValueSpecification","valueRequired":true,"valueName":"search_term_string"}}],"inLanguage":"es-CO"},{"@type":"Organization","@id":"https:\/\/cariberadionline.com\/portal\/#organization","name":"Caribe Radio Online","url":"https:\/\/cariberadionline.com\/portal\/","logo":{"@type":"ImageObject","inLanguage":"es-CO","@id":"https:\/\/cariberadionline.com\/portal\/#\/schema\/logo\/image\/","url":"https:\/\/i0.wp.com\/cariberadionline.com\/portal\/wp-content\/uploads\/2020\/12\/cropped-logo-transparente.png?fit=1789%2C1087&ssl=1","contentUrl":"https:\/\/i0.wp.com\/cariberadionline.com\/portal\/wp-content\/uploads\/2020\/12\/cropped-logo-transparente.png?fit=1789%2C1087&ssl=1","width":1789,"height":1087,"caption":"Caribe Radio Online"},"image":{"@id":"https:\/\/cariberadionline.com\/portal\/#\/schema\/logo\/image\/"}},{"@type":"Person","@id":"https:\/\/cariberadionline.com\/portal\/#\/schema\/person\/4e2259c4f95c83cd6f873b036e9dbde4","name":"Redacci\u00f3n Caribe Radio Online","image":{"@type":"ImageObject","inLanguage":"es-CO","@id":"https:\/\/secure.gravatar.com\/avatar\/9abd2c1253ecf424c4360ce3e8a4d8630e5fa062ca5fd485c685376c7f5157d2?s=96&d=mm&r=g","url":"https:\/\/secure.gravatar.com\/avatar\/9abd2c1253ecf424c4360ce3e8a4d8630e5fa062ca5fd485c685376c7f5157d2?s=96&d=mm&r=g","contentUrl":"https:\/\/secure.gravatar.com\/avatar\/9abd2c1253ecf424c4360ce3e8a4d8630e5fa062ca5fd485c685376c7f5157d2?s=96&d=mm&r=g","caption":"Redacci\u00f3n Caribe Radio Online"}}]}},"jetpack-related-posts":[],"jetpack_sharing_enabled":true,"jetpack_featured_media_url":"https:\/\/i0.wp.com\/cariberadionline.com\/portal\/wp-content\/uploads\/2026\/09\/WhatsApp-Image-2026-09-03-at-6.16.13-AM-1.jpeg?fit=1600%2C1066&ssl=1","_links":{"self":[{"href":"https:\/\/cariberadionline.com\/portal\/wp-json\/wp\/v2\/posts\/14912","targetHints":{"allow":["GET"]}}],"collection":[{"href":"https:\/\/cariberadionline.com\/portal\/wp-json\/wp\/v2\/posts"}],"about":[{"href":"https:\/\/cariberadionline.com\/portal\/wp-json\/wp\/v2\/types\/post"}],"author":[{"embeddable":true,"href":"https:\/\/cariberadionline.com\/portal\/wp-json\/wp\/v2\/users\/2"}],"replies":[{"embeddable":true,"href":"https:\/\/cariberadionline.com\/portal\/wp-json\/wp\/v2\/comments?post=14912"}],"version-history":[{"count":1,"href":"https:\/\/cariberadionline.com\/portal\/wp-json\/wp\/v2\/posts\/14912\/revisions"}],"predecessor-version":[{"id":14917,"href":"https:\/\/cariberadionline.com\/portal\/wp-json\/wp\/v2\/posts\/14912\/revisions\/14917"}],"wp:featuredmedia":[{"embeddable":true,"href":"https:\/\/cariberadionline.com\/portal\/wp-json\/wp\/v2\/media\/14913"}],"wp:attachment":[{"href":"https:\/\/cariberadionline.com\/portal\/wp-json\/wp\/v2\/media?parent=14912"}],"wp:term":[{"taxonomy":"category","embeddable":true,"href":"https:\/\/cariberadionline.com\/portal\/wp-json\/wp\/v2\/categories?post=14912"},{"taxonomy":"post_tag","embeddable":true,"href":"https:\/\/cariberadionline.com\/portal\/wp-json\/wp\/v2\/tags?post=14912"}],"curies":[{"name":"wp","href":"https:\/\/api.w.org\/{rel}","templated":true}]}}