{"id":14919,"date":"2026-09-04T13:45:42","date_gmt":"2026-09-04T18:45:42","guid":{"rendered":"https:\/\/cariberadionline.com\/portal\/?p=14919"},"modified":"2026-09-04T13:45:42","modified_gmt":"2026-09-04T18:45:42","slug":"presidente-de-la-espriella-destaca-baja-de-alias-naim-o-bendito-menor-en-operacion-de-la-policia","status":"publish","type":"post","link":"https:\/\/cariberadionline.com\/portal\/presidente-de-la-espriella-destaca-baja-de-alias-naim-o-bendito-menor-en-operacion-de-la-policia\/","title":{"rendered":"Presidente De La Espriella destaca baja de alias \u2018Naim\u2019 o \u2018Bendito Menor\u2019 en operaci\u00f3n de la Polic\u00eda"},"content":{"rendered":"<div>El Presidente de la Rep\u00fablica, Abelardo De La Espriella, destac\u00f3 la operaci\u00f3n realizada por la Polic\u00eda Nacional que permiti\u00f3 dar de baja a alias \u2018Naim\u2019 o \u2018Bendito Menor\u2019, a quien calific\u00f3 como uno de los delincuentes m\u00e1s peligrosos del pa\u00eds.<\/div>\n<div><\/div>\n<div>De acuerdo con el Mandatario, el se\u00f1alado narcoterrorista ten\u00eda afectada a la poblaci\u00f3n de La Guajira y el Caribe colombiano mediante actividades relacionadas con el narcotr\u00e1fico, la extorsi\u00f3n y las presiones contra la ciudadan\u00eda.<\/div>\n<div><\/div>\n<div>\u201cHoy ha llegado el fin de las actividades criminales de este narcoterrorista que ten\u00eda azotada a La Guajira y al Caribe colombiano mediante el narcotr\u00e1fico, la extorsi\u00f3n y la presi\u00f3n a la poblaci\u00f3n\u201d, afirm\u00f3 el Presidente.<\/div>\n<div><\/div>\n<div>El Jefe de Estado asegur\u00f3 que la operaci\u00f3n Centinela fue ejecutada por la Polic\u00eda Nacional y un comando especial, y destac\u00f3 el trabajo de la Fuerza P\u00fablica para alcanzar el resultado.\u200b<\/div>\n<div><\/div>\n<div>\u201cEste delincuente que no seguir\u00e1 delinquiendo porque le cay\u00f3 la mano de hierro del Estado, ten\u00eda arrodillada a la poblaci\u00f3n, llena de miedo\u201d, sostuvo.<\/div>\n<h2>\u201cAhora es el crimen el que se va a arrodillar\u201d<\/h2>\n<div>El Presidente de la Rep\u00fablica afirm\u00f3 que su Gobierno mantendr\u00e1 una pol\u00edtica de confrontaci\u00f3n directa contra las organizaciones criminales y se\u00f1al\u00f3 que la poblaci\u00f3n no debe volver a sentir temor por cuenta de los grupos narcoterroristas.<\/div>\n<div><\/div>\n<div>\u201cLos que tienen que sentir p\u00e1nico y terror son los delincuentes, porque aquellos que no se sometan terminar\u00e1n de esta forma\u201d, manifest\u00f3.<\/div>\n<div><\/div>\n<div>El Mandarario sostuvo adem\u00e1s que el Gobierno cuenta con una c\u00fapula militar y policial decidida a defender la vida, honra y bienes de los colombianos, en cumplimiento de la Constituci\u00f3n y la ley.<\/div>\n<div><\/div>\n<div>\u201cColombia estuvo mucho tiempo arrodillada al crimen. Ahora es el crimen el que se va a arrodillar ante la fuerza leg\u00edtima del Estado\u201d, afirm\u00f3 el Jefe de Estado.<\/div>\n<div><\/div>\n<div>Seg\u00fan el Presidente de la Rep\u00fablica, esta es la concepci\u00f3n de paz de su Gobierno: una paz respaldada por la acci\u00f3n de la Fuerza P\u00fablica y las leyes de la Rep\u00fablica, y no una paz negociada con los delincuentes.<\/div>\n<div><\/div>\n<div>\u201cLa paz en la que cree este Gobierno es la paz que se impone con la fuerza de las armas y las leyes de la Rep\u00fablica. Esa es la \u00fanica paz verdadera y duradera\u201d, expres\u00f3.<\/div>\n<h2>La operaci\u00f3n<\/h2>\n<div>El Mandatario revel\u00f3 que desde el inicio de su Gobierno hab\u00eda impartido la instrucci\u00f3n de concentrar los esfuerzos de la Fuerza P\u00fablica en alias \u2018Naim\u2019 o \u2018Bendito Menor\u2019.<\/div>\n<div><\/div>\n<div>\u201cEsta operaci\u00f3n fue impecable hace m\u00e1s de 20 d\u00edas. Desde mi posesi\u00f3n di la instrucci\u00f3n clara, precisa y contundente de declarar a este miserable (&#8230;) como objetivo de alto valor\u201d, asegur\u00f3.<\/div>\n<div><\/div>\n<div>El Mandatario indic\u00f3 que en la operaci\u00f3n participaron la c\u00fapula de la Fuerza P\u00fablica y el ministro de Defensa, quienes, seg\u00fan dijo, se concentraron en alcanzar este objetivo.<\/div>\n<div><\/div>\n<div>Finalmente, el Presidente asegur\u00f3 que su Gobierno continuar\u00e1 actuando contra los responsables de narcotr\u00e1fico, extorsi\u00f3n y otras actividades criminales.<\/div>\n<div><\/div>\n<div>\u201cEsta operaci\u00f3n realizada por nuestra Polic\u00eda Nacional nos muestra claramente que cuando el Estado se decide, los delincuentes siempre pierden\u201d, afirm\u00f3.<\/div>\n<div><\/div>\n<div>El Jefe de Estado reiter\u00f3 adem\u00e1s su respaldo a los integrantes de la Fuerza P\u00fablica y asegur\u00f3 que los uniformados contar\u00e1n con el apoyo del Gobierno para desarrollar sus operaciones.<\/div>\n<div><\/div>\n<div>\u201cNunca m\u00e1s un soldado, un polic\u00eda de la patria ser\u200b\u00e1 maltratado y humillado. Todo lo contrario. Ser\u00e1 el Presidente quien primero defienda la actividad de los h\u00e9roes de la patria\u201d, concluy\u00f3.<\/div>\n<div><\/div>\n<p><em>(Fin\/cpq)\u200b<\/em><\/p>\n<div class=\"ms-rtestate-read ms-rte-wpbox\">\n<div id=\"div_36e03313-b2d1-4ece-a49f-ee57585bf31c\" class=\"ms-rtestate-notify  ms-rtestate-read 36e03313-b2d1-4ece-a49f-ee57585bf31c\">\n<div id=\"MSOZoneCell_WebPartctl00_ctl53_g_36e03313_b2d1_4ece_a49f_ee57585bf31c\" class=\"s4-wpcell-plain ms-webpartzone-cell ms-webpart-cell-vertical-inline-table ms-webpart-cell-vertical ms-fullWidth \">\n<div class=\"ms-webpart-chrome ms-webpart-chrome-vertical ms-webpart-chrome-fullWidth \">\n<div id=\"WebPartctl00_ctl53_g_36e03313_b2d1_4ece_a49f_ee57585bf31c\" class=\"ms-WPBody noindex \">\n<div id=\"ctl00_ctl53_g_36e03313_b2d1_4ece_a49f_ee57585bf31c\">\n<div class=\"ms-rte-embedcode ms-rte-embedwp\">\n<div class=\"twitter-tweet twitter-tweet-rendered\"><iframe id=\"twitter-widget-0\" class=\"\" title=\"X Post\" src=\"https:\/\/platform.twitter.com\/embed\/Tweet.html?creatorScreenName=infopresidencia&amp;dnt=false&amp;embedId=twitter-widget-0&amp;features=eyJ0ZndfdGltZWxpbmVfbGlzdCI6eyJidWNrZXQiOltdLCJ2ZXJzaW9uIjpudWxsfSwidGZ3X2ZvbGxvd2VyX2NvdW50X3N1bnNldCI6eyJidWNrZXQiOnRydWUsInZlcnNpb24iOm51bGx9LCJ0ZndfdHdlZXRfZWRpdF9iYWNrZW5kIjp7ImJ1Y2tldCI6Im9uIiwidmVyc2lvbiI6bnVsbH0sInRmd19yZWZzcmNfc2Vzc2lvbiI6eyJidWNrZXQiOiJvbiIsInZlcnNpb24iOm51bGx9LCJ0ZndfZm9zbnJfc29mdF9pbnRlcnZlbnRpb25zX2VuYWJsZWQiOnsiYnVja2V0Ijoib24iLCJ2ZXJzaW9uIjpudWxsfSwidGZ3X21peGVkX21lZGlhXzE1ODk3Ijp7ImJ1Y2tldCI6InRyZWF0bWVudCIsInZlcnNpb24iOm51bGx9LCJ0ZndfZXhwZXJpbWVudHNfY29va2llX2V4cGlyYXRpb24iOnsiYnVja2V0IjoxMjA5NjAwLCJ2ZXJzaW9uIjpudWxsfSwidGZ3X3Nob3dfYmlyZHdhdGNoX3Bpdm90c19lbmFibGVkIjp7ImJ1Y2tldCI6Im9uIiwidmVyc2lvbiI6bnVsbH0sInRmd19kdXBsaWNhdGVfc2NyaWJlc190b19zZXR0aW5ncyI6eyJidWNrZXQiOiJvbiIsInZlcnNpb24iOm51bGx9LCJ0ZndfdXNlX3Byb2ZpbGVfaW1hZ2Vfc2hhcGVfZW5hYmxlZCI6eyJidWNrZXQiOiJvbiIsInZlcnNpb24iOm51bGx9LCJ0ZndfdmlkZW9faGxzX2R5bmFtaWNfbWFuaWZlc3RzXzE1MDgyIjp7ImJ1Y2tldCI6InRydWVfYml0cmF0ZSIsInZlcnNpb24iOm51bGx9LCJ0ZndfbGVnYWN5X3RpbWVsaW5lX3N1bnNldCI6eyJidWNrZXQiOnRydWUsInZlcnNpb24iOm51bGx9LCJ0ZndfdHdlZXRfZWRpdF9mcm9udGVuZCI6eyJidWNrZXQiOiJvbiIsInZlcnNpb24iOm51bGx9fQ%3D%3D&amp;frame=false&amp;hideCard=false&amp;hideThread=false&amp;id=2095876228729213126&amp;lang=es&amp;origin=https%3A%2F%2Fwww.presidencia.gov.co%2Fprensa%2FPaginas%2FPresidente-De-La-Espriella-destaca-baja-de-alias-Naim-o-Bendito-Menor-260904.aspx&amp;sessionId=dca9c136f55ebd7af0c594fa351e32fb208bd880&amp;siteScreenName=infopresidencia&amp;theme=light&amp;widgetsVersion=6a3ad42b224df%3A1778106238597&amp;width=550px\" frameborder=\"0\" scrolling=\"no\" allowfullscreen=\"allowfullscreen\" data-tweet-id=\"2095876228729213126\" data-mce-fragment=\"1\"><\/iframe><\/div>\n<\/div>\n<\/div>\n<div class=\"ms-clear\"><\/div>\n<\/div>\n<\/div>\n<\/div>\n<\/div>\n<\/div>\n<p><em>\u200b\u200b<\/em><\/p>\n","protected":false},"excerpt":{"rendered":"<p>El Presidente de la Rep\u00fablica, Abelardo De La Espriella, destac\u00f3 la operaci\u00f3n realizada por la<\/p>\n","protected":false},"author":2,"featured_media":14920,"comment_status":"closed","ping_status":"closed","sticky":false,"template":"","format":"standard","meta":{"_jetpack_newsletter_access":"","_jetpack_dont_email_post_to_subs":false,"_jetpack_newsletter_tier_id":0,"_jetpack_memberships_contains_paywalled_content":false,"_jetpack_feature_clip_id":0,"_jetpack_memberships_contains_paid_content":false,"footnotes":"","jetpack_post_was_ever_published":false},"categories":[223],"tags":[],"class_list":["post-14919","post","type-post","status-publish","format-standard","has-post-thumbnail","hentry","category-noticias"],"yoast_head":"<!-- This site is optimized with the Yoast SEO plugin v28.4 - https:\/\/yoast.com\/product\/yoast-seo-wordpress\/ -->\n<title>Presidente De La Espriella destaca baja de alias \u2018Naim\u2019 o \u2018Bendito Menor\u2019 en operaci\u00f3n de la Polic\u00eda | Caribe Radio Online<\/title>\n<meta name=\"robots\" content=\"index, follow, max-snippet:-1, max-image-preview:large, max-video-preview:-1\" \/>\n<link rel=\"canonical\" href=\"https:\/\/cariberadionline.com\/portal\/presidente-de-la-espriella-destaca-baja-de-alias-naim-o-bendito-menor-en-operacion-de-la-policia\/\" \/>\n<meta property=\"og:locale\" content=\"es_ES\" \/>\n<meta property=\"og:type\" content=\"article\" \/>\n<meta property=\"og:title\" content=\"Presidente De La Espriella destaca baja de alias \u2018Naim\u2019 o \u2018Bendito Menor\u2019 en operaci\u00f3n de la Polic\u00eda | Caribe Radio Online\" \/>\n<meta property=\"og:description\" content=\"El Presidente de la Rep\u00fablica, Abelardo De La Espriella, destac\u00f3 la operaci\u00f3n realizada por la\" \/>\n<meta property=\"og:url\" content=\"https:\/\/cariberadionline.com\/portal\/presidente-de-la-espriella-destaca-baja-de-alias-naim-o-bendito-menor-en-operacion-de-la-policia\/\" \/>\n<meta property=\"og:site_name\" content=\"Caribe Radio Online\" \/>\n<meta property=\"article:published_time\" content=\"2026-09-04T18:45:42+00:00\" \/>\n<meta property=\"og:image\" content=\"https:\/\/cariberadionline.com\/portal\/wp-content\/uploads\/2026\/09\/260904-Presidente-De-La-Espriella-destaca-baja-de-alias-Naim-o-Bendito-Menor-1280.jpg\" \/>\n\t<meta property=\"og:image:width\" content=\"1280\" \/>\n\t<meta property=\"og:image:height\" content=\"720\" \/>\n\t<meta property=\"og:image:type\" content=\"image\/jpeg\" \/>\n<meta name=\"author\" content=\"Redacci\u00f3n Caribe Radio Online\" \/>\n<meta name=\"twitter:card\" content=\"summary_large_image\" \/>\n<meta name=\"twitter:label1\" content=\"Escrito por\" \/>\n\t<meta name=\"twitter:data1\" content=\"Redacci\u00f3n Caribe Radio Online\" \/>\n\t<meta name=\"twitter:label2\" content=\"Tiempo de lectura\" \/>\n\t<meta name=\"twitter:data2\" content=\"3 minutos\" \/>\n<script type=\"application\/ld+json\" class=\"yoast-schema-graph\">{\"@context\":\"https:\\\/\\\/schema.org\",\"@graph\":[{\"@type\":\"Article\",\"@id\":\"https:\\\/\\\/cariberadionline.com\\\/portal\\\/presidente-de-la-espriella-destaca-baja-de-alias-naim-o-bendito-menor-en-operacion-de-la-policia\\\/#article\",\"isPartOf\":{\"@id\":\"https:\\\/\\\/cariberadionline.com\\\/portal\\\/presidente-de-la-espriella-destaca-baja-de-alias-naim-o-bendito-menor-en-operacion-de-la-policia\\\/\"},\"author\":{\"name\":\"Redacci\u00f3n Caribe Radio Online\",\"@id\":\"https:\\\/\\\/cariberadionline.com\\\/portal\\\/#\\\/schema\\\/person\\\/4e2259c4f95c83cd6f873b036e9dbde4\"},\"headline\":\"Presidente De La Espriella destaca baja de alias \u2018Naim\u2019 o \u2018Bendito Menor\u2019 en operaci\u00f3n de la Polic\u00eda\",\"datePublished\":\"2026-09-04T18:45:42+00:00\",\"mainEntityOfPage\":{\"@id\":\"https:\\\/\\\/cariberadionline.com\\\/portal\\\/presidente-de-la-espriella-destaca-baja-de-alias-naim-o-bendito-menor-en-operacion-de-la-policia\\\/\"},\"wordCount\":639,\"publisher\":{\"@id\":\"https:\\\/\\\/cariberadionline.com\\\/portal\\\/#organization\"},\"image\":{\"@id\":\"https:\\\/\\\/cariberadionline.com\\\/portal\\\/presidente-de-la-espriella-destaca-baja-de-alias-naim-o-bendito-menor-en-operacion-de-la-policia\\\/#primaryimage\"},\"thumbnailUrl\":\"https:\\\/\\\/i0.wp.com\\\/cariberadionline.com\\\/portal\\\/wp-content\\\/uploads\\\/2026\\\/09\\\/260904-Presidente-De-La-Espriella-destaca-baja-de-alias-Naim-o-Bendito-Menor-1280.jpg?fit=1280%2C720&ssl=1\",\"articleSection\":[\"Noticias\"],\"inLanguage\":\"es-CO\"},{\"@type\":\"WebPage\",\"@id\":\"https:\\\/\\\/cariberadionline.com\\\/portal\\\/presidente-de-la-espriella-destaca-baja-de-alias-naim-o-bendito-menor-en-operacion-de-la-policia\\\/\",\"url\":\"https:\\\/\\\/cariberadionline.com\\\/portal\\\/presidente-de-la-espriella-destaca-baja-de-alias-naim-o-bendito-menor-en-operacion-de-la-policia\\\/\",\"name\":\"Presidente De La Espriella destaca baja de alias \u2018Naim\u2019 o \u2018Bendito Menor\u2019 en operaci\u00f3n de la Polic\u00eda | Caribe Radio Online\",\"isPartOf\":{\"@id\":\"https:\\\/\\\/cariberadionline.com\\\/portal\\\/#website\"},\"primaryImageOfPage\":{\"@id\":\"https:\\\/\\\/cariberadionline.com\\\/portal\\\/presidente-de-la-espriella-destaca-baja-de-alias-naim-o-bendito-menor-en-operacion-de-la-policia\\\/#primaryimage\"},\"image\":{\"@id\":\"https:\\\/\\\/cariberadionline.com\\\/portal\\\/presidente-de-la-espriella-destaca-baja-de-alias-naim-o-bendito-menor-en-operacion-de-la-policia\\\/#primaryimage\"},\"thumbnailUrl\":\"https:\\\/\\\/i0.wp.com\\\/cariberadionline.com\\\/portal\\\/wp-content\\\/uploads\\\/2026\\\/09\\\/260904-Presidente-De-La-Espriella-destaca-baja-de-alias-Naim-o-Bendito-Menor-1280.jpg?fit=1280%2C720&ssl=1\",\"datePublished\":\"2026-09-04T18:45:42+00:00\",\"breadcrumb\":{\"@id\":\"https:\\\/\\\/cariberadionline.com\\\/portal\\\/presidente-de-la-espriella-destaca-baja-de-alias-naim-o-bendito-menor-en-operacion-de-la-policia\\\/#breadcrumb\"},\"inLanguage\":\"es-CO\",\"potentialAction\":[{\"@type\":\"ReadAction\",\"target\":[\"https:\\\/\\\/cariberadionline.com\\\/portal\\\/presidente-de-la-espriella-destaca-baja-de-alias-naim-o-bendito-menor-en-operacion-de-la-policia\\\/\"]}]},{\"@type\":\"ImageObject\",\"inLanguage\":\"es-CO\",\"@id\":\"https:\\\/\\\/cariberadionline.com\\\/portal\\\/presidente-de-la-espriella-destaca-baja-de-alias-naim-o-bendito-menor-en-operacion-de-la-policia\\\/#primaryimage\",\"url\":\"https:\\\/\\\/i0.wp.com\\\/cariberadionline.com\\\/portal\\\/wp-content\\\/uploads\\\/2026\\\/09\\\/260904-Presidente-De-La-Espriella-destaca-baja-de-alias-Naim-o-Bendito-Menor-1280.jpg?fit=1280%2C720&ssl=1\",\"contentUrl\":\"https:\\\/\\\/i0.wp.com\\\/cariberadionline.com\\\/portal\\\/wp-content\\\/uploads\\\/2026\\\/09\\\/260904-Presidente-De-La-Espriella-destaca-baja-de-alias-Naim-o-Bendito-Menor-1280.jpg?fit=1280%2C720&ssl=1\",\"width\":1280,\"height\":720,\"caption\":\"Presidente De La Espriella destaca baja de alias \u2018Naim\u2019 o \u2018Bendito Menor\u2019 en operaci\u00f3n de la Polic\u00eda\"},{\"@type\":\"BreadcrumbList\",\"@id\":\"https:\\\/\\\/cariberadionline.com\\\/portal\\\/presidente-de-la-espriella-destaca-baja-de-alias-naim-o-bendito-menor-en-operacion-de-la-policia\\\/#breadcrumb\",\"itemListElement\":[{\"@type\":\"ListItem\",\"position\":1,\"name\":\"Home\",\"item\":\"https:\\\/\\\/cariberadionline.com\\\/portal\\\/\"},{\"@type\":\"ListItem\",\"position\":2,\"name\":\"Presidente De La Espriella destaca baja de alias \u2018Naim\u2019 o \u2018Bendito Menor\u2019 en operaci\u00f3n de la Polic\u00eda\"}]},{\"@type\":\"WebSite\",\"@id\":\"https:\\\/\\\/cariberadionline.com\\\/portal\\\/#website\",\"url\":\"https:\\\/\\\/cariberadionline.com\\\/portal\\\/\",\"name\":\"Caribe Radio Online\",\"description\":\"La Radio del Futuro\",\"publisher\":{\"@id\":\"https:\\\/\\\/cariberadionline.com\\\/portal\\\/#organization\"},\"potentialAction\":[{\"@type\":\"SearchAction\",\"target\":{\"@type\":\"EntryPoint\",\"urlTemplate\":\"https:\\\/\\\/cariberadionline.com\\\/portal\\\/?s={search_term_string}\"},\"query-input\":{\"@type\":\"PropertyValueSpecification\",\"valueRequired\":true,\"valueName\":\"search_term_string\"}}],\"inLanguage\":\"es-CO\"},{\"@type\":\"Organization\",\"@id\":\"https:\\\/\\\/cariberadionline.com\\\/portal\\\/#organization\",\"name\":\"Caribe Radio Online\",\"url\":\"https:\\\/\\\/cariberadionline.com\\\/portal\\\/\",\"logo\":{\"@type\":\"ImageObject\",\"inLanguage\":\"es-CO\",\"@id\":\"https:\\\/\\\/cariberadionline.com\\\/portal\\\/#\\\/schema\\\/logo\\\/image\\\/\",\"url\":\"https:\\\/\\\/i0.wp.com\\\/cariberadionline.com\\\/portal\\\/wp-content\\\/uploads\\\/2020\\\/12\\\/cropped-logo-transparente.png?fit=1789%2C1087&ssl=1\",\"contentUrl\":\"https:\\\/\\\/i0.wp.com\\\/cariberadionline.com\\\/portal\\\/wp-content\\\/uploads\\\/2020\\\/12\\\/cropped-logo-transparente.png?fit=1789%2C1087&ssl=1\",\"width\":1789,\"height\":1087,\"caption\":\"Caribe Radio Online\"},\"image\":{\"@id\":\"https:\\\/\\\/cariberadionline.com\\\/portal\\\/#\\\/schema\\\/logo\\\/image\\\/\"}},{\"@type\":\"Person\",\"@id\":\"https:\\\/\\\/cariberadionline.com\\\/portal\\\/#\\\/schema\\\/person\\\/4e2259c4f95c83cd6f873b036e9dbde4\",\"name\":\"Redacci\u00f3n Caribe Radio Online\",\"image\":{\"@type\":\"ImageObject\",\"inLanguage\":\"es-CO\",\"@id\":\"https:\\\/\\\/secure.gravatar.com\\\/avatar\\\/9abd2c1253ecf424c4360ce3e8a4d8630e5fa062ca5fd485c685376c7f5157d2?s=96&d=mm&r=g\",\"url\":\"https:\\\/\\\/secure.gravatar.com\\\/avatar\\\/9abd2c1253ecf424c4360ce3e8a4d8630e5fa062ca5fd485c685376c7f5157d2?s=96&d=mm&r=g\",\"contentUrl\":\"https:\\\/\\\/secure.gravatar.com\\\/avatar\\\/9abd2c1253ecf424c4360ce3e8a4d8630e5fa062ca5fd485c685376c7f5157d2?s=96&d=mm&r=g\",\"caption\":\"Redacci\u00f3n Caribe Radio Online\"}}]}<\/script>\n<!-- \/ Yoast SEO plugin. -->","yoast_head_json":{"title":"Presidente De La Espriella destaca baja de alias \u2018Naim\u2019 o \u2018Bendito Menor\u2019 en operaci\u00f3n de la Polic\u00eda | Caribe Radio Online","robots":{"index":"index","follow":"follow","max-snippet":"max-snippet:-1","max-image-preview":"max-image-preview:large","max-video-preview":"max-video-preview:-1"},"canonical":"https:\/\/cariberadionline.com\/portal\/presidente-de-la-espriella-destaca-baja-de-alias-naim-o-bendito-menor-en-operacion-de-la-policia\/","og_locale":"es_ES","og_type":"article","og_title":"Presidente De La Espriella destaca baja de alias \u2018Naim\u2019 o \u2018Bendito Menor\u2019 en operaci\u00f3n de la Polic\u00eda | Caribe Radio Online","og_description":"El Presidente de la Rep\u00fablica, Abelardo De La Espriella, destac\u00f3 la operaci\u00f3n realizada por la","og_url":"https:\/\/cariberadionline.com\/portal\/presidente-de-la-espriella-destaca-baja-de-alias-naim-o-bendito-menor-en-operacion-de-la-policia\/","og_site_name":"Caribe Radio Online","article_published_time":"2026-09-04T18:45:42+00:00","og_image":[{"width":1280,"height":720,"url":"https:\/\/cariberadionline.com\/portal\/wp-content\/uploads\/2026\/09\/260904-Presidente-De-La-Espriella-destaca-baja-de-alias-Naim-o-Bendito-Menor-1280.jpg","type":"image\/jpeg"}],"author":"Redacci\u00f3n Caribe Radio Online","twitter_card":"summary_large_image","twitter_misc":{"Escrito por":"Redacci\u00f3n Caribe Radio Online","Tiempo de lectura":"3 minutos"},"schema":{"@context":"https:\/\/schema.org","@graph":[{"@type":"Article","@id":"https:\/\/cariberadionline.com\/portal\/presidente-de-la-espriella-destaca-baja-de-alias-naim-o-bendito-menor-en-operacion-de-la-policia\/#article","isPartOf":{"@id":"https:\/\/cariberadionline.com\/portal\/presidente-de-la-espriella-destaca-baja-de-alias-naim-o-bendito-menor-en-operacion-de-la-policia\/"},"author":{"name":"Redacci\u00f3n Caribe Radio Online","@id":"https:\/\/cariberadionline.com\/portal\/#\/schema\/person\/4e2259c4f95c83cd6f873b036e9dbde4"},"headline":"Presidente De La Espriella destaca baja de alias \u2018Naim\u2019 o \u2018Bendito Menor\u2019 en operaci\u00f3n de la Polic\u00eda","datePublished":"2026-09-04T18:45:42+00:00","mainEntityOfPage":{"@id":"https:\/\/cariberadionline.com\/portal\/presidente-de-la-espriella-destaca-baja-de-alias-naim-o-bendito-menor-en-operacion-de-la-policia\/"},"wordCount":639,"publisher":{"@id":"https:\/\/cariberadionline.com\/portal\/#organization"},"image":{"@id":"https:\/\/cariberadionline.com\/portal\/presidente-de-la-espriella-destaca-baja-de-alias-naim-o-bendito-menor-en-operacion-de-la-policia\/#primaryimage"},"thumbnailUrl":"https:\/\/i0.wp.com\/cariberadionline.com\/portal\/wp-content\/uploads\/2026\/09\/260904-Presidente-De-La-Espriella-destaca-baja-de-alias-Naim-o-Bendito-Menor-1280.jpg?fit=1280%2C720&ssl=1","articleSection":["Noticias"],"inLanguage":"es-CO"},{"@type":"WebPage","@id":"https:\/\/cariberadionline.com\/portal\/presidente-de-la-espriella-destaca-baja-de-alias-naim-o-bendito-menor-en-operacion-de-la-policia\/","url":"https:\/\/cariberadionline.com\/portal\/presidente-de-la-espriella-destaca-baja-de-alias-naim-o-bendito-menor-en-operacion-de-la-policia\/","name":"Presidente De La Espriella destaca baja de alias \u2018Naim\u2019 o \u2018Bendito Menor\u2019 en operaci\u00f3n de la Polic\u00eda | Caribe Radio Online","isPartOf":{"@id":"https:\/\/cariberadionline.com\/portal\/#website"},"primaryImageOfPage":{"@id":"https:\/\/cariberadionline.com\/portal\/presidente-de-la-espriella-destaca-baja-de-alias-naim-o-bendito-menor-en-operacion-de-la-policia\/#primaryimage"},"image":{"@id":"https:\/\/cariberadionline.com\/portal\/presidente-de-la-espriella-destaca-baja-de-alias-naim-o-bendito-menor-en-operacion-de-la-policia\/#primaryimage"},"thumbnailUrl":"https:\/\/i0.wp.com\/cariberadionline.com\/portal\/wp-content\/uploads\/2026\/09\/260904-Presidente-De-La-Espriella-destaca-baja-de-alias-Naim-o-Bendito-Menor-1280.jpg?fit=1280%2C720&ssl=1","datePublished":"2026-09-04T18:45:42+00:00","breadcrumb":{"@id":"https:\/\/cariberadionline.com\/portal\/presidente-de-la-espriella-destaca-baja-de-alias-naim-o-bendito-menor-en-operacion-de-la-policia\/#breadcrumb"},"inLanguage":"es-CO","potentialAction":[{"@type":"ReadAction","target":["https:\/\/cariberadionline.com\/portal\/presidente-de-la-espriella-destaca-baja-de-alias-naim-o-bendito-menor-en-operacion-de-la-policia\/"]}]},{"@type":"ImageObject","inLanguage":"es-CO","@id":"https:\/\/cariberadionline.com\/portal\/presidente-de-la-espriella-destaca-baja-de-alias-naim-o-bendito-menor-en-operacion-de-la-policia\/#primaryimage","url":"https:\/\/i0.wp.com\/cariberadionline.com\/portal\/wp-content\/uploads\/2026\/09\/260904-Presidente-De-La-Espriella-destaca-baja-de-alias-Naim-o-Bendito-Menor-1280.jpg?fit=1280%2C720&ssl=1","contentUrl":"https:\/\/i0.wp.com\/cariberadionline.com\/portal\/wp-content\/uploads\/2026\/09\/260904-Presidente-De-La-Espriella-destaca-baja-de-alias-Naim-o-Bendito-Menor-1280.jpg?fit=1280%2C720&ssl=1","width":1280,"height":720,"caption":"Presidente De La Espriella destaca baja de alias \u2018Naim\u2019 o \u2018Bendito Menor\u2019 en operaci\u00f3n de la Polic\u00eda"},{"@type":"BreadcrumbList","@id":"https:\/\/cariberadionline.com\/portal\/presidente-de-la-espriella-destaca-baja-de-alias-naim-o-bendito-menor-en-operacion-de-la-policia\/#breadcrumb","itemListElement":[{"@type":"ListItem","position":1,"name":"Home","item":"https:\/\/cariberadionline.com\/portal\/"},{"@type":"ListItem","position":2,"name":"Presidente De La Espriella destaca baja de alias \u2018Naim\u2019 o \u2018Bendito Menor\u2019 en operaci\u00f3n de la Polic\u00eda"}]},{"@type":"WebSite","@id":"https:\/\/cariberadionline.com\/portal\/#website","url":"https:\/\/cariberadionline.com\/portal\/","name":"Caribe Radio Online","description":"La Radio del Futuro","publisher":{"@id":"https:\/\/cariberadionline.com\/portal\/#organization"},"potentialAction":[{"@type":"SearchAction","target":{"@type":"EntryPoint","urlTemplate":"https:\/\/cariberadionline.com\/portal\/?s={search_term_string}"},"query-input":{"@type":"PropertyValueSpecification","valueRequired":true,"valueName":"search_term_string"}}],"inLanguage":"es-CO"},{"@type":"Organization","@id":"https:\/\/cariberadionline.com\/portal\/#organization","name":"Caribe Radio Online","url":"https:\/\/cariberadionline.com\/portal\/","logo":{"@type":"ImageObject","inLanguage":"es-CO","@id":"https:\/\/cariberadionline.com\/portal\/#\/schema\/logo\/image\/","url":"https:\/\/i0.wp.com\/cariberadionline.com\/portal\/wp-content\/uploads\/2020\/12\/cropped-logo-transparente.png?fit=1789%2C1087&ssl=1","contentUrl":"https:\/\/i0.wp.com\/cariberadionline.com\/portal\/wp-content\/uploads\/2020\/12\/cropped-logo-transparente.png?fit=1789%2C1087&ssl=1","width":1789,"height":1087,"caption":"Caribe Radio Online"},"image":{"@id":"https:\/\/cariberadionline.com\/portal\/#\/schema\/logo\/image\/"}},{"@type":"Person","@id":"https:\/\/cariberadionline.com\/portal\/#\/schema\/person\/4e2259c4f95c83cd6f873b036e9dbde4","name":"Redacci\u00f3n Caribe Radio Online","image":{"@type":"ImageObject","inLanguage":"es-CO","@id":"https:\/\/secure.gravatar.com\/avatar\/9abd2c1253ecf424c4360ce3e8a4d8630e5fa062ca5fd485c685376c7f5157d2?s=96&d=mm&r=g","url":"https:\/\/secure.gravatar.com\/avatar\/9abd2c1253ecf424c4360ce3e8a4d8630e5fa062ca5fd485c685376c7f5157d2?s=96&d=mm&r=g","contentUrl":"https:\/\/secure.gravatar.com\/avatar\/9abd2c1253ecf424c4360ce3e8a4d8630e5fa062ca5fd485c685376c7f5157d2?s=96&d=mm&r=g","caption":"Redacci\u00f3n Caribe Radio Online"}}]}},"jetpack-related-posts":[],"jetpack_sharing_enabled":true,"jetpack_featured_media_url":"https:\/\/i0.wp.com\/cariberadionline.com\/portal\/wp-content\/uploads\/2026\/09\/260904-Presidente-De-La-Espriella-destaca-baja-de-alias-Naim-o-Bendito-Menor-1280.jpg?fit=1280%2C720&ssl=1","_links":{"self":[{"href":"https:\/\/cariberadionline.com\/portal\/wp-json\/wp\/v2\/posts\/14919","targetHints":{"allow":["GET"]}}],"collection":[{"href":"https:\/\/cariberadionline.com\/portal\/wp-json\/wp\/v2\/posts"}],"about":[{"href":"https:\/\/cariberadionline.com\/portal\/wp-json\/wp\/v2\/types\/post"}],"author":[{"embeddable":true,"href":"https:\/\/cariberadionline.com\/portal\/wp-json\/wp\/v2\/users\/2"}],"replies":[{"embeddable":true,"href":"https:\/\/cariberadionline.com\/portal\/wp-json\/wp\/v2\/comments?post=14919"}],"version-history":[{"count":1,"href":"https:\/\/cariberadionline.com\/portal\/wp-json\/wp\/v2\/posts\/14919\/revisions"}],"predecessor-version":[{"id":14921,"href":"https:\/\/cariberadionline.com\/portal\/wp-json\/wp\/v2\/posts\/14919\/revisions\/14921"}],"wp:featuredmedia":[{"embeddable":true,"href":"https:\/\/cariberadionline.com\/portal\/wp-json\/wp\/v2\/media\/14920"}],"wp:attachment":[{"href":"https:\/\/cariberadionline.com\/portal\/wp-json\/wp\/v2\/media?parent=14919"}],"wp:term":[{"taxonomy":"category","embeddable":true,"href":"https:\/\/cariberadionline.com\/portal\/wp-json\/wp\/v2\/categories?post=14919"},{"taxonomy":"post_tag","embeddable":true,"href":"https:\/\/cariberadionline.com\/portal\/wp-json\/wp\/v2\/tags?post=14919"}],"curies":[{"name":"wp","href":"https:\/\/api.w.org\/{rel}","templated":true}]}}