{"id":14927,"date":"2026-09-04T13:55:10","date_gmt":"2026-09-04T18:55:10","guid":{"rendered":"https:\/\/cariberadionline.com\/portal\/?p=14927"},"modified":"2026-09-04T13:55:10","modified_gmt":"2026-09-04T18:55:10","slug":"malambo-fortalece-la-atencion-empresarial-con-nueva-ventanilla-de-la-camara-de-comercio","status":"publish","type":"post","link":"https:\/\/cariberadionline.com\/portal\/malambo-fortalece-la-atencion-empresarial-con-nueva-ventanilla-de-la-camara-de-comercio\/","title":{"rendered":"Malambo fortalece la atenci\u00f3n empresarial con nueva ventanilla de la C\u00e1mara de Comercio"},"content":{"rendered":"<p>La Alcald\u00eda de Malambo confirm\u00f3 la puesta en funcionamiento de una ventanilla de atenci\u00f3n de la C\u00e1mara de Comercio de Barranquilla (CCB) en el primer piso de la sede Centro de la Administraci\u00f3n Municipal, junto a la ventanilla de atenci\u00f3n de la DIAN. La iniciativa busca facilitar a industriales, empresarios, comerciantes y emprendedores el acceso a servicios de formalizaci\u00f3n y tr\u00e1mites relacionados con el registro mercantil, evitando desplazamientos hacia otros puntos de atenci\u00f3n.<\/p>\n<p>La alcaldesa Yenis Orozco destac\u00f3 que esta nueva atenci\u00f3n respondi\u00f3 a una solicitud de los sectores productivos del municipio y represent\u00f3 un avance para fortalecer el desarrollo empresarial local. Explic\u00f3 que la ubicaci\u00f3n estrat\u00e9gica de Malambo, entre la zona Oriental y el \u00e1rea metropolitana de Barranquilla, genera oportunidades para la llegada y consolidaci\u00f3n de nuevos negocios, por lo que contar con estos servicios directamente en el territorio permitir\u00e1 a los empresarios ahorrar tiempo y dinero al momento de realizar sus gestiones.<\/p>\n<p><img data-recalc-dims=\"1\" fetchpriority=\"high\" decoding=\"async\" class=\"size-medium wp-image-14929 aligncenter\" src=\"https:\/\/i0.wp.com\/cariberadionline.com\/portal\/wp-content\/uploads\/2026\/09\/WhatsApp-Image-2026-09-03-at-3.54.52-PM-5.jpeg?resize=300%2C200&#038;ssl=1\" alt=\"\" width=\"300\" height=\"200\" srcset=\"https:\/\/i0.wp.com\/cariberadionline.com\/portal\/wp-content\/uploads\/2026\/09\/WhatsApp-Image-2026-09-03-at-3.54.52-PM-5.jpeg?resize=300%2C200&amp;ssl=1 300w, https:\/\/i0.wp.com\/cariberadionline.com\/portal\/wp-content\/uploads\/2026\/09\/WhatsApp-Image-2026-09-03-at-3.54.52-PM-5.jpeg?resize=1024%2C682&amp;ssl=1 1024w, https:\/\/i0.wp.com\/cariberadionline.com\/portal\/wp-content\/uploads\/2026\/09\/WhatsApp-Image-2026-09-03-at-3.54.52-PM-5.jpeg?resize=768%2C512&amp;ssl=1 768w, https:\/\/i0.wp.com\/cariberadionline.com\/portal\/wp-content\/uploads\/2026\/09\/WhatsApp-Image-2026-09-03-at-3.54.52-PM-5.jpeg?resize=1536%2C1023&amp;ssl=1 1536w, https:\/\/i0.wp.com\/cariberadionline.com\/portal\/wp-content\/uploads\/2026\/09\/WhatsApp-Image-2026-09-03-at-3.54.52-PM-5.jpeg?w=1600&amp;ssl=1 1600w, https:\/\/i0.wp.com\/cariberadionline.com\/portal\/wp-content\/uploads\/2026\/09\/WhatsApp-Image-2026-09-03-at-3.54.52-PM-5.jpeg?w=1280&amp;ssl=1 1280w\" sizes=\"(max-width: 300px) 100vw, 300px\" \/><\/p>\n<p>La mandataria se\u00f1al\u00f3 que los usuarios podr\u00e1n adelantar tr\u00e1mites como cambios de nombre, renovaciones, actualizaciones y otros procesos relacionados con el registro mercantil, adem\u00e1s de recibir orientaci\u00f3n para mantener organizada su documentaci\u00f3n y acceder a oportunidades de cr\u00e9dito y contrataci\u00f3n.<\/p>\n<p>\u201cDamos la bienvenida a la C\u00e1mara de Comercio a nuestro municipio. Esto les va a permitir a nuestros industriales, empresarios, comerciantes y emprendedores ahorrar tiempo y dinero, porque ya no tendr\u00e1n que desplazarse para realizar sus tr\u00e1mites. Queremos que aprovechen la ubicaci\u00f3n estrat\u00e9gica de Malambo y que encuentren aqu\u00ed las herramientas para fortalecer y formalizar sus negocios\u201d, afirm\u00f3 Orozco Bonett.<\/p>\n<p><em><strong>Atenci\u00f3n personalizada y servicios digitales<\/strong><\/em><\/p>\n<p>Por su parte, Marcela Blanco, jefe de Promoci\u00f3n de los Servicios Registrales de la C\u00e1mara de Comercio de Barranquilla, explic\u00f3 que, adem\u00e1s de la plataforma de la Ventanilla \u00danica Empresarial (VUE), los empresarios contar\u00e1n con atenci\u00f3n personalizada en el municipio. Precis\u00f3 que el funcionario encargado del servicio estar\u00e1 previamente capacitado y podr\u00e1 realizar las gestiones directamente a trav\u00e9s de la plataforma tecnol\u00f3gica de la C\u00e1mara de Comercio de Barranquilla.<\/p>\n<p><img data-recalc-dims=\"1\" decoding=\"async\" class=\"size-medium wp-image-14930 aligncenter\" src=\"https:\/\/i0.wp.com\/cariberadionline.com\/portal\/wp-content\/uploads\/2026\/09\/WhatsApp-Image-2026-09-03-at-3.54.52-PM-2.jpeg?resize=300%2C200&#038;ssl=1\" alt=\"\" width=\"300\" height=\"200\" srcset=\"https:\/\/i0.wp.com\/cariberadionline.com\/portal\/wp-content\/uploads\/2026\/09\/WhatsApp-Image-2026-09-03-at-3.54.52-PM-2.jpeg?resize=300%2C200&amp;ssl=1 300w, https:\/\/i0.wp.com\/cariberadionline.com\/portal\/wp-content\/uploads\/2026\/09\/WhatsApp-Image-2026-09-03-at-3.54.52-PM-2.jpeg?resize=1024%2C682&amp;ssl=1 1024w, https:\/\/i0.wp.com\/cariberadionline.com\/portal\/wp-content\/uploads\/2026\/09\/WhatsApp-Image-2026-09-03-at-3.54.52-PM-2.jpeg?resize=768%2C512&amp;ssl=1 768w, https:\/\/i0.wp.com\/cariberadionline.com\/portal\/wp-content\/uploads\/2026\/09\/WhatsApp-Image-2026-09-03-at-3.54.52-PM-2.jpeg?resize=1536%2C1023&amp;ssl=1 1536w, https:\/\/i0.wp.com\/cariberadionline.com\/portal\/wp-content\/uploads\/2026\/09\/WhatsApp-Image-2026-09-03-at-3.54.52-PM-2.jpeg?w=1600&amp;ssl=1 1600w, https:\/\/i0.wp.com\/cariberadionline.com\/portal\/wp-content\/uploads\/2026\/09\/WhatsApp-Image-2026-09-03-at-3.54.52-PM-2.jpeg?w=1280&amp;ssl=1 1280w\" sizes=\"(max-width: 300px) 100vw, 300px\" \/><\/p>\n<p>Blanco invit\u00f3 a los empresarios y emprendedores de Malambo a acercarse al primer piso de la sede Centro de la Alcald\u00eda Municipal, donde recibir\u00e1n acompa\u00f1amiento en procesos de formalizaci\u00f3n, renovaci\u00f3n y actualizaci\u00f3n del registro mercantil. La atenci\u00f3n se prestar\u00e1 de lunes a viernes, de 8:00 a. m. a 12:00 del mediod\u00eda y de 1:00 p. m. a 5:00 p. m.<\/p>\n<p>\u201cEl funcionario de la C\u00e1mara va a acceder y conectar esos servicios desde nuestra plataforma tecnol\u00f3gica. Pueden tener total garant\u00eda de que esos servicios van a quedar registrados en la C\u00e1mara de Comercio\u201d, asegur\u00f3 Marcela Blanco.<\/p>\n<p><em><strong>DIAN y C\u00e1mara de Comercio, aliados para la formalizaci\u00f3n<\/strong><\/em><\/p>\n<p>A su vez, Luis Pinilla Bernal, defensor del contribuyente delegado para la Regi\u00f3n Caribe de la DIAN, resalt\u00f3 la importancia de que los empresarios y emprendedores mantengan actualizada su informaci\u00f3n y cumplan con las obligaciones derivadas de sus actividades comerciales.<\/p>\n<p>Explic\u00f3 que, a trav\u00e9s del punto de videoatenci\u00f3n de la DIAN, los ciudadanos pueden realizar procesos relacionados con la creaci\u00f3n y actualizaci\u00f3n del Registro \u00danico Tributario (RUT) y conocer las obligaciones que adquieren ante la entidad. De manera complementaria, la C\u00e1mara de Comercio permitir\u00e1 gestionar el registro mercantil y mantener al d\u00eda los compromisos correspondientes.<\/p>\n<p><img data-recalc-dims=\"1\" decoding=\"async\" class=\"size-medium wp-image-14931 aligncenter\" src=\"https:\/\/i0.wp.com\/cariberadionline.com\/portal\/wp-content\/uploads\/2026\/09\/WhatsApp-Image-2026-09-03-at-3.54.51-PM.jpeg?resize=300%2C200&#038;ssl=1\" alt=\"\" width=\"300\" height=\"200\" srcset=\"https:\/\/i0.wp.com\/cariberadionline.com\/portal\/wp-content\/uploads\/2026\/09\/WhatsApp-Image-2026-09-03-at-3.54.51-PM.jpeg?resize=300%2C200&amp;ssl=1 300w, https:\/\/i0.wp.com\/cariberadionline.com\/portal\/wp-content\/uploads\/2026\/09\/WhatsApp-Image-2026-09-03-at-3.54.51-PM.jpeg?resize=1024%2C682&amp;ssl=1 1024w, https:\/\/i0.wp.com\/cariberadionline.com\/portal\/wp-content\/uploads\/2026\/09\/WhatsApp-Image-2026-09-03-at-3.54.51-PM.jpeg?resize=768%2C512&amp;ssl=1 768w, https:\/\/i0.wp.com\/cariberadionline.com\/portal\/wp-content\/uploads\/2026\/09\/WhatsApp-Image-2026-09-03-at-3.54.51-PM.jpeg?resize=1536%2C1023&amp;ssl=1 1536w, https:\/\/i0.wp.com\/cariberadionline.com\/portal\/wp-content\/uploads\/2026\/09\/WhatsApp-Image-2026-09-03-at-3.54.51-PM.jpeg?w=1600&amp;ssl=1 1600w, https:\/\/i0.wp.com\/cariberadionline.com\/portal\/wp-content\/uploads\/2026\/09\/WhatsApp-Image-2026-09-03-at-3.54.51-PM.jpeg?w=1280&amp;ssl=1 1280w\" sizes=\"(max-width: 300px) 100vw, 300px\" \/><\/p>\n<p>Pinilla destac\u00f3 que la formalizaci\u00f3n empresarial facilita el acceso a cr\u00e9ditos, contratos y nuevas oportunidades comerciales, al tiempo que fortalece la confianza entre los negocios, sus clientes y la comunidad.<\/p>\n<p>\u201cLa DIAN y la C\u00e1mara de Comercio de Barranquilla est\u00e1n trabajando para acercar estos servicios a los empresarios. Es muy importante que ustedes se formalicen y est\u00e9n pendientes de todas sus obligaciones\u201d, expres\u00f3 el delegado de la DIAN.<\/p>\n","protected":false},"excerpt":{"rendered":"<p>La Alcald\u00eda de Malambo confirm\u00f3 la puesta en funcionamiento de una ventanilla de atenci\u00f3n de<\/p>\n","protected":false},"author":2,"featured_media":14928,"comment_status":"closed","ping_status":"closed","sticky":false,"template":"","format":"standard","meta":{"_jetpack_newsletter_access":"","_jetpack_dont_email_post_to_subs":false,"_jetpack_newsletter_tier_id":0,"_jetpack_memberships_contains_paywalled_content":false,"_jetpack_feature_clip_id":0,"_jetpack_memberships_contains_paid_content":false,"footnotes":"","jetpack_post_was_ever_published":false},"categories":[223],"tags":[],"class_list":["post-14927","post","type-post","status-publish","format-standard","has-post-thumbnail","hentry","category-noticias"],"yoast_head":"<!-- This site is optimized with the Yoast SEO plugin v28.4 - https:\/\/yoast.com\/product\/yoast-seo-wordpress\/ -->\n<title>Malambo fortalece la atenci\u00f3n empresarial con nueva ventanilla de la C\u00e1mara de Comercio | Caribe Radio Online<\/title>\n<meta name=\"robots\" content=\"index, follow, max-snippet:-1, max-image-preview:large, max-video-preview:-1\" \/>\n<link rel=\"canonical\" href=\"https:\/\/cariberadionline.com\/portal\/malambo-fortalece-la-atencion-empresarial-con-nueva-ventanilla-de-la-camara-de-comercio\/\" \/>\n<meta property=\"og:locale\" content=\"es_ES\" \/>\n<meta property=\"og:type\" content=\"article\" \/>\n<meta property=\"og:title\" content=\"Malambo fortalece la atenci\u00f3n empresarial con nueva ventanilla de la C\u00e1mara de Comercio | Caribe Radio Online\" \/>\n<meta property=\"og:description\" content=\"La Alcald\u00eda de Malambo confirm\u00f3 la puesta en funcionamiento de una ventanilla de atenci\u00f3n de\" \/>\n<meta property=\"og:url\" content=\"https:\/\/cariberadionline.com\/portal\/malambo-fortalece-la-atencion-empresarial-con-nueva-ventanilla-de-la-camara-de-comercio\/\" \/>\n<meta property=\"og:site_name\" content=\"Caribe Radio Online\" \/>\n<meta property=\"article:published_time\" content=\"2026-09-04T18:55:10+00:00\" \/>\n<meta property=\"og:image\" content=\"https:\/\/cariberadionline.com\/portal\/wp-content\/uploads\/2026\/09\/WhatsApp-Image-2026-09-03-at-3.54.52-PM-1.jpeg\" \/>\n\t<meta property=\"og:image:width\" content=\"1433\" \/>\n\t<meta property=\"og:image:height\" content=\"955\" \/>\n\t<meta property=\"og:image:type\" content=\"image\/jpeg\" \/>\n<meta name=\"author\" content=\"Redacci\u00f3n Caribe Radio Online\" \/>\n<meta name=\"twitter:card\" content=\"summary_large_image\" \/>\n<meta name=\"twitter:label1\" content=\"Escrito por\" \/>\n\t<meta name=\"twitter:data1\" content=\"Redacci\u00f3n Caribe Radio Online\" \/>\n\t<meta name=\"twitter:label2\" content=\"Tiempo de lectura\" \/>\n\t<meta name=\"twitter:data2\" content=\"4 minutos\" \/>\n<script type=\"application\/ld+json\" class=\"yoast-schema-graph\">{\"@context\":\"https:\\\/\\\/schema.org\",\"@graph\":[{\"@type\":\"Article\",\"@id\":\"https:\\\/\\\/cariberadionline.com\\\/portal\\\/malambo-fortalece-la-atencion-empresarial-con-nueva-ventanilla-de-la-camara-de-comercio\\\/#article\",\"isPartOf\":{\"@id\":\"https:\\\/\\\/cariberadionline.com\\\/portal\\\/malambo-fortalece-la-atencion-empresarial-con-nueva-ventanilla-de-la-camara-de-comercio\\\/\"},\"author\":{\"name\":\"Redacci\u00f3n Caribe Radio Online\",\"@id\":\"https:\\\/\\\/cariberadionline.com\\\/portal\\\/#\\\/schema\\\/person\\\/4e2259c4f95c83cd6f873b036e9dbde4\"},\"headline\":\"Malambo fortalece la atenci\u00f3n empresarial con nueva ventanilla de la C\u00e1mara de Comercio\",\"datePublished\":\"2026-09-04T18:55:10+00:00\",\"mainEntityOfPage\":{\"@id\":\"https:\\\/\\\/cariberadionline.com\\\/portal\\\/malambo-fortalece-la-atencion-empresarial-con-nueva-ventanilla-de-la-camara-de-comercio\\\/\"},\"wordCount\":668,\"publisher\":{\"@id\":\"https:\\\/\\\/cariberadionline.com\\\/portal\\\/#organization\"},\"image\":{\"@id\":\"https:\\\/\\\/cariberadionline.com\\\/portal\\\/malambo-fortalece-la-atencion-empresarial-con-nueva-ventanilla-de-la-camara-de-comercio\\\/#primaryimage\"},\"thumbnailUrl\":\"https:\\\/\\\/i0.wp.com\\\/cariberadionline.com\\\/portal\\\/wp-content\\\/uploads\\\/2026\\\/09\\\/WhatsApp-Image-2026-09-03-at-3.54.52-PM-1.jpeg?fit=1433%2C955&ssl=1\",\"articleSection\":[\"Noticias\"],\"inLanguage\":\"es-CO\"},{\"@type\":\"WebPage\",\"@id\":\"https:\\\/\\\/cariberadionline.com\\\/portal\\\/malambo-fortalece-la-atencion-empresarial-con-nueva-ventanilla-de-la-camara-de-comercio\\\/\",\"url\":\"https:\\\/\\\/cariberadionline.com\\\/portal\\\/malambo-fortalece-la-atencion-empresarial-con-nueva-ventanilla-de-la-camara-de-comercio\\\/\",\"name\":\"Malambo fortalece la atenci\u00f3n empresarial con nueva ventanilla de la C\u00e1mara de Comercio | Caribe Radio Online\",\"isPartOf\":{\"@id\":\"https:\\\/\\\/cariberadionline.com\\\/portal\\\/#website\"},\"primaryImageOfPage\":{\"@id\":\"https:\\\/\\\/cariberadionline.com\\\/portal\\\/malambo-fortalece-la-atencion-empresarial-con-nueva-ventanilla-de-la-camara-de-comercio\\\/#primaryimage\"},\"image\":{\"@id\":\"https:\\\/\\\/cariberadionline.com\\\/portal\\\/malambo-fortalece-la-atencion-empresarial-con-nueva-ventanilla-de-la-camara-de-comercio\\\/#primaryimage\"},\"thumbnailUrl\":\"https:\\\/\\\/i0.wp.com\\\/cariberadionline.com\\\/portal\\\/wp-content\\\/uploads\\\/2026\\\/09\\\/WhatsApp-Image-2026-09-03-at-3.54.52-PM-1.jpeg?fit=1433%2C955&ssl=1\",\"datePublished\":\"2026-09-04T18:55:10+00:00\",\"breadcrumb\":{\"@id\":\"https:\\\/\\\/cariberadionline.com\\\/portal\\\/malambo-fortalece-la-atencion-empresarial-con-nueva-ventanilla-de-la-camara-de-comercio\\\/#breadcrumb\"},\"inLanguage\":\"es-CO\",\"potentialAction\":[{\"@type\":\"ReadAction\",\"target\":[\"https:\\\/\\\/cariberadionline.com\\\/portal\\\/malambo-fortalece-la-atencion-empresarial-con-nueva-ventanilla-de-la-camara-de-comercio\\\/\"]}]},{\"@type\":\"ImageObject\",\"inLanguage\":\"es-CO\",\"@id\":\"https:\\\/\\\/cariberadionline.com\\\/portal\\\/malambo-fortalece-la-atencion-empresarial-con-nueva-ventanilla-de-la-camara-de-comercio\\\/#primaryimage\",\"url\":\"https:\\\/\\\/i0.wp.com\\\/cariberadionline.com\\\/portal\\\/wp-content\\\/uploads\\\/2026\\\/09\\\/WhatsApp-Image-2026-09-03-at-3.54.52-PM-1.jpeg?fit=1433%2C955&ssl=1\",\"contentUrl\":\"https:\\\/\\\/i0.wp.com\\\/cariberadionline.com\\\/portal\\\/wp-content\\\/uploads\\\/2026\\\/09\\\/WhatsApp-Image-2026-09-03-at-3.54.52-PM-1.jpeg?fit=1433%2C955&ssl=1\",\"width\":1433,\"height\":955},{\"@type\":\"BreadcrumbList\",\"@id\":\"https:\\\/\\\/cariberadionline.com\\\/portal\\\/malambo-fortalece-la-atencion-empresarial-con-nueva-ventanilla-de-la-camara-de-comercio\\\/#breadcrumb\",\"itemListElement\":[{\"@type\":\"ListItem\",\"position\":1,\"name\":\"Home\",\"item\":\"https:\\\/\\\/cariberadionline.com\\\/portal\\\/\"},{\"@type\":\"ListItem\",\"position\":2,\"name\":\"Malambo fortalece la atenci\u00f3n empresarial con nueva ventanilla de la C\u00e1mara de Comercio\"}]},{\"@type\":\"WebSite\",\"@id\":\"https:\\\/\\\/cariberadionline.com\\\/portal\\\/#website\",\"url\":\"https:\\\/\\\/cariberadionline.com\\\/portal\\\/\",\"name\":\"Caribe Radio Online\",\"description\":\"La Radio del Futuro\",\"publisher\":{\"@id\":\"https:\\\/\\\/cariberadionline.com\\\/portal\\\/#organization\"},\"potentialAction\":[{\"@type\":\"SearchAction\",\"target\":{\"@type\":\"EntryPoint\",\"urlTemplate\":\"https:\\\/\\\/cariberadionline.com\\\/portal\\\/?s={search_term_string}\"},\"query-input\":{\"@type\":\"PropertyValueSpecification\",\"valueRequired\":true,\"valueName\":\"search_term_string\"}}],\"inLanguage\":\"es-CO\"},{\"@type\":\"Organization\",\"@id\":\"https:\\\/\\\/cariberadionline.com\\\/portal\\\/#organization\",\"name\":\"Caribe Radio Online\",\"url\":\"https:\\\/\\\/cariberadionline.com\\\/portal\\\/\",\"logo\":{\"@type\":\"ImageObject\",\"inLanguage\":\"es-CO\",\"@id\":\"https:\\\/\\\/cariberadionline.com\\\/portal\\\/#\\\/schema\\\/logo\\\/image\\\/\",\"url\":\"https:\\\/\\\/i0.wp.com\\\/cariberadionline.com\\\/portal\\\/wp-content\\\/uploads\\\/2020\\\/12\\\/cropped-logo-transparente.png?fit=1789%2C1087&ssl=1\",\"contentUrl\":\"https:\\\/\\\/i0.wp.com\\\/cariberadionline.com\\\/portal\\\/wp-content\\\/uploads\\\/2020\\\/12\\\/cropped-logo-transparente.png?fit=1789%2C1087&ssl=1\",\"width\":1789,\"height\":1087,\"caption\":\"Caribe Radio Online\"},\"image\":{\"@id\":\"https:\\\/\\\/cariberadionline.com\\\/portal\\\/#\\\/schema\\\/logo\\\/image\\\/\"}},{\"@type\":\"Person\",\"@id\":\"https:\\\/\\\/cariberadionline.com\\\/portal\\\/#\\\/schema\\\/person\\\/4e2259c4f95c83cd6f873b036e9dbde4\",\"name\":\"Redacci\u00f3n Caribe Radio Online\",\"image\":{\"@type\":\"ImageObject\",\"inLanguage\":\"es-CO\",\"@id\":\"https:\\\/\\\/secure.gravatar.com\\\/avatar\\\/9abd2c1253ecf424c4360ce3e8a4d8630e5fa062ca5fd485c685376c7f5157d2?s=96&d=mm&r=g\",\"url\":\"https:\\\/\\\/secure.gravatar.com\\\/avatar\\\/9abd2c1253ecf424c4360ce3e8a4d8630e5fa062ca5fd485c685376c7f5157d2?s=96&d=mm&r=g\",\"contentUrl\":\"https:\\\/\\\/secure.gravatar.com\\\/avatar\\\/9abd2c1253ecf424c4360ce3e8a4d8630e5fa062ca5fd485c685376c7f5157d2?s=96&d=mm&r=g\",\"caption\":\"Redacci\u00f3n Caribe Radio Online\"}}]}<\/script>\n<!-- \/ Yoast SEO plugin. -->","yoast_head_json":{"title":"Malambo fortalece la atenci\u00f3n empresarial con nueva ventanilla de la C\u00e1mara de Comercio | Caribe Radio Online","robots":{"index":"index","follow":"follow","max-snippet":"max-snippet:-1","max-image-preview":"max-image-preview:large","max-video-preview":"max-video-preview:-1"},"canonical":"https:\/\/cariberadionline.com\/portal\/malambo-fortalece-la-atencion-empresarial-con-nueva-ventanilla-de-la-camara-de-comercio\/","og_locale":"es_ES","og_type":"article","og_title":"Malambo fortalece la atenci\u00f3n empresarial con nueva ventanilla de la C\u00e1mara de Comercio | Caribe Radio Online","og_description":"La Alcald\u00eda de Malambo confirm\u00f3 la puesta en funcionamiento de una ventanilla de atenci\u00f3n de","og_url":"https:\/\/cariberadionline.com\/portal\/malambo-fortalece-la-atencion-empresarial-con-nueva-ventanilla-de-la-camara-de-comercio\/","og_site_name":"Caribe Radio Online","article_published_time":"2026-09-04T18:55:10+00:00","og_image":[{"width":1433,"height":955,"url":"https:\/\/cariberadionline.com\/portal\/wp-content\/uploads\/2026\/09\/WhatsApp-Image-2026-09-03-at-3.54.52-PM-1.jpeg","type":"image\/jpeg"}],"author":"Redacci\u00f3n Caribe Radio Online","twitter_card":"summary_large_image","twitter_misc":{"Escrito por":"Redacci\u00f3n Caribe Radio Online","Tiempo de lectura":"4 minutos"},"schema":{"@context":"https:\/\/schema.org","@graph":[{"@type":"Article","@id":"https:\/\/cariberadionline.com\/portal\/malambo-fortalece-la-atencion-empresarial-con-nueva-ventanilla-de-la-camara-de-comercio\/#article","isPartOf":{"@id":"https:\/\/cariberadionline.com\/portal\/malambo-fortalece-la-atencion-empresarial-con-nueva-ventanilla-de-la-camara-de-comercio\/"},"author":{"name":"Redacci\u00f3n Caribe Radio Online","@id":"https:\/\/cariberadionline.com\/portal\/#\/schema\/person\/4e2259c4f95c83cd6f873b036e9dbde4"},"headline":"Malambo fortalece la atenci\u00f3n empresarial con nueva ventanilla de la C\u00e1mara de Comercio","datePublished":"2026-09-04T18:55:10+00:00","mainEntityOfPage":{"@id":"https:\/\/cariberadionline.com\/portal\/malambo-fortalece-la-atencion-empresarial-con-nueva-ventanilla-de-la-camara-de-comercio\/"},"wordCount":668,"publisher":{"@id":"https:\/\/cariberadionline.com\/portal\/#organization"},"image":{"@id":"https:\/\/cariberadionline.com\/portal\/malambo-fortalece-la-atencion-empresarial-con-nueva-ventanilla-de-la-camara-de-comercio\/#primaryimage"},"thumbnailUrl":"https:\/\/i0.wp.com\/cariberadionline.com\/portal\/wp-content\/uploads\/2026\/09\/WhatsApp-Image-2026-09-03-at-3.54.52-PM-1.jpeg?fit=1433%2C955&ssl=1","articleSection":["Noticias"],"inLanguage":"es-CO"},{"@type":"WebPage","@id":"https:\/\/cariberadionline.com\/portal\/malambo-fortalece-la-atencion-empresarial-con-nueva-ventanilla-de-la-camara-de-comercio\/","url":"https:\/\/cariberadionline.com\/portal\/malambo-fortalece-la-atencion-empresarial-con-nueva-ventanilla-de-la-camara-de-comercio\/","name":"Malambo fortalece la atenci\u00f3n empresarial con nueva ventanilla de la C\u00e1mara de Comercio | Caribe Radio Online","isPartOf":{"@id":"https:\/\/cariberadionline.com\/portal\/#website"},"primaryImageOfPage":{"@id":"https:\/\/cariberadionline.com\/portal\/malambo-fortalece-la-atencion-empresarial-con-nueva-ventanilla-de-la-camara-de-comercio\/#primaryimage"},"image":{"@id":"https:\/\/cariberadionline.com\/portal\/malambo-fortalece-la-atencion-empresarial-con-nueva-ventanilla-de-la-camara-de-comercio\/#primaryimage"},"thumbnailUrl":"https:\/\/i0.wp.com\/cariberadionline.com\/portal\/wp-content\/uploads\/2026\/09\/WhatsApp-Image-2026-09-03-at-3.54.52-PM-1.jpeg?fit=1433%2C955&ssl=1","datePublished":"2026-09-04T18:55:10+00:00","breadcrumb":{"@id":"https:\/\/cariberadionline.com\/portal\/malambo-fortalece-la-atencion-empresarial-con-nueva-ventanilla-de-la-camara-de-comercio\/#breadcrumb"},"inLanguage":"es-CO","potentialAction":[{"@type":"ReadAction","target":["https:\/\/cariberadionline.com\/portal\/malambo-fortalece-la-atencion-empresarial-con-nueva-ventanilla-de-la-camara-de-comercio\/"]}]},{"@type":"ImageObject","inLanguage":"es-CO","@id":"https:\/\/cariberadionline.com\/portal\/malambo-fortalece-la-atencion-empresarial-con-nueva-ventanilla-de-la-camara-de-comercio\/#primaryimage","url":"https:\/\/i0.wp.com\/cariberadionline.com\/portal\/wp-content\/uploads\/2026\/09\/WhatsApp-Image-2026-09-03-at-3.54.52-PM-1.jpeg?fit=1433%2C955&ssl=1","contentUrl":"https:\/\/i0.wp.com\/cariberadionline.com\/portal\/wp-content\/uploads\/2026\/09\/WhatsApp-Image-2026-09-03-at-3.54.52-PM-1.jpeg?fit=1433%2C955&ssl=1","width":1433,"height":955},{"@type":"BreadcrumbList","@id":"https:\/\/cariberadionline.com\/portal\/malambo-fortalece-la-atencion-empresarial-con-nueva-ventanilla-de-la-camara-de-comercio\/#breadcrumb","itemListElement":[{"@type":"ListItem","position":1,"name":"Home","item":"https:\/\/cariberadionline.com\/portal\/"},{"@type":"ListItem","position":2,"name":"Malambo fortalece la atenci\u00f3n empresarial con nueva ventanilla de la C\u00e1mara de Comercio"}]},{"@type":"WebSite","@id":"https:\/\/cariberadionline.com\/portal\/#website","url":"https:\/\/cariberadionline.com\/portal\/","name":"Caribe Radio Online","description":"La Radio del Futuro","publisher":{"@id":"https:\/\/cariberadionline.com\/portal\/#organization"},"potentialAction":[{"@type":"SearchAction","target":{"@type":"EntryPoint","urlTemplate":"https:\/\/cariberadionline.com\/portal\/?s={search_term_string}"},"query-input":{"@type":"PropertyValueSpecification","valueRequired":true,"valueName":"search_term_string"}}],"inLanguage":"es-CO"},{"@type":"Organization","@id":"https:\/\/cariberadionline.com\/portal\/#organization","name":"Caribe Radio Online","url":"https:\/\/cariberadionline.com\/portal\/","logo":{"@type":"ImageObject","inLanguage":"es-CO","@id":"https:\/\/cariberadionline.com\/portal\/#\/schema\/logo\/image\/","url":"https:\/\/i0.wp.com\/cariberadionline.com\/portal\/wp-content\/uploads\/2020\/12\/cropped-logo-transparente.png?fit=1789%2C1087&ssl=1","contentUrl":"https:\/\/i0.wp.com\/cariberadionline.com\/portal\/wp-content\/uploads\/2020\/12\/cropped-logo-transparente.png?fit=1789%2C1087&ssl=1","width":1789,"height":1087,"caption":"Caribe Radio Online"},"image":{"@id":"https:\/\/cariberadionline.com\/portal\/#\/schema\/logo\/image\/"}},{"@type":"Person","@id":"https:\/\/cariberadionline.com\/portal\/#\/schema\/person\/4e2259c4f95c83cd6f873b036e9dbde4","name":"Redacci\u00f3n Caribe Radio Online","image":{"@type":"ImageObject","inLanguage":"es-CO","@id":"https:\/\/secure.gravatar.com\/avatar\/9abd2c1253ecf424c4360ce3e8a4d8630e5fa062ca5fd485c685376c7f5157d2?s=96&d=mm&r=g","url":"https:\/\/secure.gravatar.com\/avatar\/9abd2c1253ecf424c4360ce3e8a4d8630e5fa062ca5fd485c685376c7f5157d2?s=96&d=mm&r=g","contentUrl":"https:\/\/secure.gravatar.com\/avatar\/9abd2c1253ecf424c4360ce3e8a4d8630e5fa062ca5fd485c685376c7f5157d2?s=96&d=mm&r=g","caption":"Redacci\u00f3n Caribe Radio Online"}}]}},"jetpack-related-posts":[],"jetpack_sharing_enabled":true,"jetpack_featured_media_url":"https:\/\/i0.wp.com\/cariberadionline.com\/portal\/wp-content\/uploads\/2026\/09\/WhatsApp-Image-2026-09-03-at-3.54.52-PM-1.jpeg?fit=1433%2C955&ssl=1","_links":{"self":[{"href":"https:\/\/cariberadionline.com\/portal\/wp-json\/wp\/v2\/posts\/14927","targetHints":{"allow":["GET"]}}],"collection":[{"href":"https:\/\/cariberadionline.com\/portal\/wp-json\/wp\/v2\/posts"}],"about":[{"href":"https:\/\/cariberadionline.com\/portal\/wp-json\/wp\/v2\/types\/post"}],"author":[{"embeddable":true,"href":"https:\/\/cariberadionline.com\/portal\/wp-json\/wp\/v2\/users\/2"}],"replies":[{"embeddable":true,"href":"https:\/\/cariberadionline.com\/portal\/wp-json\/wp\/v2\/comments?post=14927"}],"version-history":[{"count":1,"href":"https:\/\/cariberadionline.com\/portal\/wp-json\/wp\/v2\/posts\/14927\/revisions"}],"predecessor-version":[{"id":14932,"href":"https:\/\/cariberadionline.com\/portal\/wp-json\/wp\/v2\/posts\/14927\/revisions\/14932"}],"wp:featuredmedia":[{"embeddable":true,"href":"https:\/\/cariberadionline.com\/portal\/wp-json\/wp\/v2\/media\/14928"}],"wp:attachment":[{"href":"https:\/\/cariberadionline.com\/portal\/wp-json\/wp\/v2\/media?parent=14927"}],"wp:term":[{"taxonomy":"category","embeddable":true,"href":"https:\/\/cariberadionline.com\/portal\/wp-json\/wp\/v2\/categories?post=14927"},{"taxonomy":"post_tag","embeddable":true,"href":"https:\/\/cariberadionline.com\/portal\/wp-json\/wp\/v2\/tags?post=14927"}],"curies":[{"name":"wp","href":"https:\/\/api.w.org\/{rel}","templated":true}]}}